{"id":13511,"date":"2025-03-19T11:48:51","date_gmt":"2025-03-19T18:48:51","guid":{"rendered":"https:\/\/www.nevadaregistry.org\/news-updates\/facturacion-por-dias-festivos-estatales\/"},"modified":"2025-05-01T15:27:39","modified_gmt":"2025-05-01T22:27:39","slug":"facturacion-por-dias-festivos-estatales","status":"publish","type":"post","link":"https:\/\/www.nevadaregistry.org\/es\/news-updates\/facturacion-por-dias-festivos-estatales\/","title":{"rendered":"Facturaci\u00f3n por d\u00edas festivos estatales"},"content":{"rendered":"<p><strong><em>Mensaje del Programa de Desarrollo de Cuidado Infantil de la DWSS: <\/em><\/strong><\/p>\n<p>Los proveedores de cuidado infantil en Nevada pueden facturar por d\u00edas festivos estatales si:<\/p>\n<ul>\n<li>El d\u00eda festivo cae en un d\u00eda en que el centro normalmente estar\u00eda abierto.<\/li>\n<li>El centro est\u00e1 cerrado debido al d\u00eda festivo.<\/li>\n<li>El d\u00eda es parte del horario aprobado del ni\u00f1o.<\/li>\n<\/ul>\n<p>Marque los d\u00edas festivos con una <strong>\u201cH\u201d<\/strong> en la hoja de tiempo. Si el centro est\u00e1 abierto y el ni\u00f1o no asiste, se puede utilizar un d\u00eda discrecional. Solo un proveedor puede facturar por el d\u00eda festivo si el ni\u00f1o tiene m\u00faltiples proveedores.  <\/p>\n<p><u>Los d\u00edas festivos incluyen: <\/u><\/p>\n<ul>\n<li>D\u00eda de A\u00f1o Nuevo<\/li>\n<li>D\u00eda de Martin Luther King Jr. <\/li>\n<li>D\u00eda de Washington<\/li>\n<li>D\u00eda de los Ca\u00eddos<\/li>\n<li>Juneteenth<\/li>\n<li>D\u00eda de la Independencia<\/li>\n<li>D\u00eda del Trabajo<\/li>\n<li>D\u00eda de Nevada<\/li>\n<li>D\u00eda de los Veteranos<\/li>\n<li>D\u00eda de Acci\u00f3n de Gracias<\/li>\n<li>D\u00eda de la Familia<\/li>\n<li>Navidad<\/li>\n<\/ul>\n<p>Para preguntas, contacte a <strong><a href=\"mailto:ccdp@dwss.nv.gov\">ccdp@dwss.nv.gov<\/a><\/strong>.<\/p>\n","protected":false},"excerpt":{"rendered":"<p>Mensaje del Programa de Desarrollo de Cuidado Infantil de la DWSS: Los proveedores de cuidado infantil en Nevada pueden facturar&#8230;<\/p>\n","protected":false},"author":2,"featured_media":12752,"comment_status":"closed","ping_status":"closed","sticky":false,"template":"","format":"standard","meta":{"_acf_changed":false,"footnotes":""},"categories":[59,60],"tags":[],"class_list":["post-13511","post","type-post","status-publish","format-standard","has-post-thumbnail","hentry","category-directores-administradores-de-cuidado-infantil","category-licenciamiento-de-cuidado-infantil"],"acf":[],"yoast_head":"<!-- This site is optimized with the Yoast SEO plugin v27.4 - https:\/\/yoast.com\/product\/yoast-seo-wordpress\/ -->\n<title>Facturaci\u00f3n por d\u00edas festivos estatales - The Nevada Registry<\/title>\n<meta name=\"description\" content=\"Mensaje del Programa de Desarrollo de Cuidado Infantil de la DWSS: Los proveedores de cuidado infantil en Nevada pueden facturar por d\u00edas festivos\" \/>\n<meta name=\"robots\" content=\"index, follow, max-snippet:-1, max-image-preview:large, max-video-preview:-1\" \/>\n<link rel=\"canonical\" href=\"https:\/\/www.nevadaregistry.org\/es\/news-updates\/facturacion-por-dias-festivos-estatales\/\" \/>\n<meta property=\"og:locale\" content=\"es_ES\" \/>\n<meta property=\"og:type\" content=\"article\" \/>\n<meta property=\"og:title\" content=\"Facturaci\u00f3n por d\u00edas festivos estatales - The Nevada Registry\" \/>\n<meta property=\"og:description\" content=\"Mensaje del Programa de Desarrollo de Cuidado Infantil de la DWSS: Los proveedores de cuidado infantil en Nevada pueden facturar por d\u00edas festivos\" \/>\n<meta property=\"og:url\" content=\"https:\/\/www.nevadaregistry.org\/es\/news-updates\/facturacion-por-dias-festivos-estatales\/\" \/>\n<meta property=\"og:site_name\" content=\"The Nevada Registry\" \/>\n<meta property=\"article:publisher\" content=\"https:\/\/www.facebook.com\/nevadaregistry\" \/>\n<meta property=\"article:published_time\" content=\"2025-03-19T18:48:51+00:00\" \/>\n<meta property=\"article:modified_time\" content=\"2025-05-01T22:27:39+00:00\" \/>\n<meta property=\"og:image\" content=\"https:\/\/www.nevadaregistry.org\/wp-content\/uploads\/2025\/03\/iStock-2165907415.jpg\" \/>\n\t<meta property=\"og:image:width\" content=\"1254\" \/>\n\t<meta property=\"og:image:height\" content=\"836\" \/>\n\t<meta property=\"og:image:type\" content=\"image\/jpeg\" \/>\n<meta name=\"author\" content=\"Shelly Nye\" \/>\n<meta name=\"twitter:card\" content=\"summary_large_image\" \/>\n<meta name=\"twitter:label1\" content=\"Escrito por\" \/>\n\t<meta name=\"twitter:data1\" content=\"Shelly Nye\" \/>\n\t<meta name=\"twitter:label2\" content=\"Tiempo de lectura\" \/>\n\t<meta name=\"twitter:data2\" content=\"1 minuto\" \/>\n<script type=\"application\/ld+json\" class=\"yoast-schema-graph\">{\"@context\":\"https:\\\/\\\/schema.org\",\"@graph\":[{\"@type\":\"Article\",\"@id\":\"https:\\\/\\\/www.nevadaregistry.org\\\/es\\\/news-updates\\\/facturacion-por-dias-festivos-estatales\\\/#article\",\"isPartOf\":{\"@id\":\"https:\\\/\\\/www.nevadaregistry.org\\\/es\\\/news-updates\\\/facturacion-por-dias-festivos-estatales\\\/\"},\"author\":{\"name\":\"Shelly Nye\",\"@id\":\"https:\\\/\\\/www.nevadaregistry.org\\\/es\\\/#\\\/schema\\\/person\\\/1bad6d3bd100b050a3a293469ef79985\"},\"headline\":\"Facturaci\u00f3n por d\u00edas festivos estatales\",\"datePublished\":\"2025-03-19T18:48:51+00:00\",\"dateModified\":\"2025-05-01T22:27:39+00:00\",\"mainEntityOfPage\":{\"@id\":\"https:\\\/\\\/www.nevadaregistry.org\\\/es\\\/news-updates\\\/facturacion-por-dias-festivos-estatales\\\/\"},\"wordCount\":187,\"publisher\":{\"@id\":\"https:\\\/\\\/www.nevadaregistry.org\\\/es\\\/#organization\"},\"image\":{\"@id\":\"https:\\\/\\\/www.nevadaregistry.org\\\/es\\\/news-updates\\\/facturacion-por-dias-festivos-estatales\\\/#primaryimage\"},\"thumbnailUrl\":\"https:\\\/\\\/www.nevadaregistry.org\\\/wp-content\\\/uploads\\\/2025\\\/03\\\/iStock-2165907415.jpg\",\"articleSection\":[\"Directores\\\/Administradores de Cuidado Infantil\",\"Licenciamiento de Cuidado Infantil\"],\"inLanguage\":\"es\"},{\"@type\":\"WebPage\",\"@id\":\"https:\\\/\\\/www.nevadaregistry.org\\\/es\\\/news-updates\\\/facturacion-por-dias-festivos-estatales\\\/\",\"url\":\"https:\\\/\\\/www.nevadaregistry.org\\\/es\\\/news-updates\\\/facturacion-por-dias-festivos-estatales\\\/\",\"name\":\"Facturaci\u00f3n por d\u00edas festivos estatales - The Nevada Registry\",\"isPartOf\":{\"@id\":\"https:\\\/\\\/www.nevadaregistry.org\\\/es\\\/#website\"},\"primaryImageOfPage\":{\"@id\":\"https:\\\/\\\/www.nevadaregistry.org\\\/es\\\/news-updates\\\/facturacion-por-dias-festivos-estatales\\\/#primaryimage\"},\"image\":{\"@id\":\"https:\\\/\\\/www.nevadaregistry.org\\\/es\\\/news-updates\\\/facturacion-por-dias-festivos-estatales\\\/#primaryimage\"},\"thumbnailUrl\":\"https:\\\/\\\/www.nevadaregistry.org\\\/wp-content\\\/uploads\\\/2025\\\/03\\\/iStock-2165907415.jpg\",\"datePublished\":\"2025-03-19T18:48:51+00:00\",\"dateModified\":\"2025-05-01T22:27:39+00:00\",\"description\":\"Mensaje del Programa de Desarrollo de Cuidado Infantil de la DWSS: Los proveedores de cuidado infantil en Nevada pueden facturar por d\u00edas festivos\",\"breadcrumb\":{\"@id\":\"https:\\\/\\\/www.nevadaregistry.org\\\/es\\\/news-updates\\\/facturacion-por-dias-festivos-estatales\\\/#breadcrumb\"},\"inLanguage\":\"es\",\"potentialAction\":[{\"@type\":\"ReadAction\",\"target\":[\"https:\\\/\\\/www.nevadaregistry.org\\\/es\\\/news-updates\\\/facturacion-por-dias-festivos-estatales\\\/\"]}]},{\"@type\":\"ImageObject\",\"inLanguage\":\"es\",\"@id\":\"https:\\\/\\\/www.nevadaregistry.org\\\/es\\\/news-updates\\\/facturacion-por-dias-festivos-estatales\\\/#primaryimage\",\"url\":\"https:\\\/\\\/www.nevadaregistry.org\\\/wp-content\\\/uploads\\\/2025\\\/03\\\/iStock-2165907415.jpg\",\"contentUrl\":\"https:\\\/\\\/www.nevadaregistry.org\\\/wp-content\\\/uploads\\\/2025\\\/03\\\/iStock-2165907415.jpg\",\"width\":\"1254\",\"height\":\"836\",\"caption\":\"A joyful young girl with pigtails smiles while climbing on an orange structure in an indoor playground.\"},{\"@type\":\"BreadcrumbList\",\"@id\":\"https:\\\/\\\/www.nevadaregistry.org\\\/es\\\/news-updates\\\/facturacion-por-dias-festivos-estatales\\\/#breadcrumb\",\"itemListElement\":[{\"@type\":\"ListItem\",\"position\":1,\"name\":\"Home\",\"item\":\"https:\\\/\\\/www.nevadaregistry.org\\\/es\\\/pagina-principal\\\/\"},{\"@type\":\"ListItem\",\"position\":2,\"name\":\"Facturaci\u00f3n por d\u00edas festivos estatales\"}]},{\"@type\":\"WebSite\",\"@id\":\"https:\\\/\\\/www.nevadaregistry.org\\\/es\\\/#website\",\"url\":\"https:\\\/\\\/www.nevadaregistry.org\\\/es\\\/\",\"name\":\"The Nevada Registry\",\"description\":\"Workforce data system capturing information about the Early Childhood Education and Care (ECEC) workforce in Nevada.\",\"publisher\":{\"@id\":\"https:\\\/\\\/www.nevadaregistry.org\\\/es\\\/#organization\"},\"potentialAction\":[{\"@type\":\"SearchAction\",\"target\":{\"@type\":\"EntryPoint\",\"urlTemplate\":\"https:\\\/\\\/www.nevadaregistry.org\\\/es\\\/?s={search_term_string}\"},\"query-input\":{\"@type\":\"PropertyValueSpecification\",\"valueRequired\":true,\"valueName\":\"search_term_string\"}}],\"inLanguage\":\"es\"},{\"@type\":\"Organization\",\"@id\":\"https:\\\/\\\/www.nevadaregistry.org\\\/es\\\/#organization\",\"name\":\"El Nevada Registry\",\"url\":\"https:\\\/\\\/www.nevadaregistry.org\\\/es\\\/\",\"logo\":{\"@type\":\"ImageObject\",\"inLanguage\":\"es\",\"@id\":\"https:\\\/\\\/www.nevadaregistry.org\\\/es\\\/#\\\/schema\\\/logo\\\/image\\\/\",\"url\":\"https:\\\/\\\/www.nevadaregistry.org\\\/wp-content\\\/uploads\\\/2020\\\/10\\\/tnr-logo-purple-copy.jpg\",\"contentUrl\":\"https:\\\/\\\/www.nevadaregistry.org\\\/wp-content\\\/uploads\\\/2020\\\/10\\\/tnr-logo-purple-copy.jpg\",\"width\":\"900\",\"height\":\"562\",\"caption\":\"El Nevada Registry\"},\"image\":{\"@id\":\"https:\\\/\\\/www.nevadaregistry.org\\\/es\\\/#\\\/schema\\\/logo\\\/image\\\/\"},\"sameAs\":[\"https:\\\/\\\/www.facebook.com\\\/nevadaregistry\"]},{\"@type\":\"Person\",\"@id\":\"https:\\\/\\\/www.nevadaregistry.org\\\/es\\\/#\\\/schema\\\/person\\\/1bad6d3bd100b050a3a293469ef79985\",\"name\":\"Shelly Nye\",\"image\":{\"@type\":\"ImageObject\",\"inLanguage\":\"es\",\"@id\":\"https:\\\/\\\/secure.gravatar.com\\\/avatar\\\/837d4ba871ac094534f3f9258d55ce0296384282b42745091ee4e3cc5c854046?s=96&d=mm&r=g\",\"url\":\"https:\\\/\\\/secure.gravatar.com\\\/avatar\\\/837d4ba871ac094534f3f9258d55ce0296384282b42745091ee4e3cc5c854046?s=96&d=mm&r=g\",\"contentUrl\":\"https:\\\/\\\/secure.gravatar.com\\\/avatar\\\/837d4ba871ac094534f3f9258d55ce0296384282b42745091ee4e3cc5c854046?s=96&d=mm&r=g\",\"caption\":\"Shelly Nye\"}}]}<\/script>\n<!-- \/ Yoast SEO plugin. -->","yoast_head_json":{"title":"Facturaci\u00f3n por d\u00edas festivos estatales - The Nevada Registry","description":"Mensaje del Programa de Desarrollo de Cuidado Infantil de la DWSS: Los proveedores de cuidado infantil en Nevada pueden facturar por d\u00edas festivos","robots":{"index":"index","follow":"follow","max-snippet":"max-snippet:-1","max-image-preview":"max-image-preview:large","max-video-preview":"max-video-preview:-1"},"canonical":"https:\/\/www.nevadaregistry.org\/es\/news-updates\/facturacion-por-dias-festivos-estatales\/","og_locale":"es_ES","og_type":"article","og_title":"Facturaci\u00f3n por d\u00edas festivos estatales - The Nevada Registry","og_description":"Mensaje del Programa de Desarrollo de Cuidado Infantil de la DWSS: Los proveedores de cuidado infantil en Nevada pueden facturar por d\u00edas festivos","og_url":"https:\/\/www.nevadaregistry.org\/es\/news-updates\/facturacion-por-dias-festivos-estatales\/","og_site_name":"The Nevada Registry","article_publisher":"https:\/\/www.facebook.com\/nevadaregistry","article_published_time":"2025-03-19T18:48:51+00:00","article_modified_time":"2025-05-01T22:27:39+00:00","og_image":[{"width":1254,"height":836,"url":"https:\/\/www.nevadaregistry.org\/wp-content\/uploads\/2025\/03\/iStock-2165907415.jpg","type":"image\/jpeg"}],"author":"Shelly Nye","twitter_card":"summary_large_image","twitter_misc":{"Escrito por":"Shelly Nye","Tiempo de lectura":"1 minuto"},"schema":{"@context":"https:\/\/schema.org","@graph":[{"@type":"Article","@id":"https:\/\/www.nevadaregistry.org\/es\/news-updates\/facturacion-por-dias-festivos-estatales\/#article","isPartOf":{"@id":"https:\/\/www.nevadaregistry.org\/es\/news-updates\/facturacion-por-dias-festivos-estatales\/"},"author":{"name":"Shelly Nye","@id":"https:\/\/www.nevadaregistry.org\/es\/#\/schema\/person\/1bad6d3bd100b050a3a293469ef79985"},"headline":"Facturaci\u00f3n por d\u00edas festivos estatales","datePublished":"2025-03-19T18:48:51+00:00","dateModified":"2025-05-01T22:27:39+00:00","mainEntityOfPage":{"@id":"https:\/\/www.nevadaregistry.org\/es\/news-updates\/facturacion-por-dias-festivos-estatales\/"},"wordCount":187,"publisher":{"@id":"https:\/\/www.nevadaregistry.org\/es\/#organization"},"image":{"@id":"https:\/\/www.nevadaregistry.org\/es\/news-updates\/facturacion-por-dias-festivos-estatales\/#primaryimage"},"thumbnailUrl":"https:\/\/www.nevadaregistry.org\/wp-content\/uploads\/2025\/03\/iStock-2165907415.jpg","articleSection":["Directores\/Administradores de Cuidado Infantil","Licenciamiento de Cuidado Infantil"],"inLanguage":"es"},{"@type":"WebPage","@id":"https:\/\/www.nevadaregistry.org\/es\/news-updates\/facturacion-por-dias-festivos-estatales\/","url":"https:\/\/www.nevadaregistry.org\/es\/news-updates\/facturacion-por-dias-festivos-estatales\/","name":"Facturaci\u00f3n por d\u00edas festivos estatales - The Nevada Registry","isPartOf":{"@id":"https:\/\/www.nevadaregistry.org\/es\/#website"},"primaryImageOfPage":{"@id":"https:\/\/www.nevadaregistry.org\/es\/news-updates\/facturacion-por-dias-festivos-estatales\/#primaryimage"},"image":{"@id":"https:\/\/www.nevadaregistry.org\/es\/news-updates\/facturacion-por-dias-festivos-estatales\/#primaryimage"},"thumbnailUrl":"https:\/\/www.nevadaregistry.org\/wp-content\/uploads\/2025\/03\/iStock-2165907415.jpg","datePublished":"2025-03-19T18:48:51+00:00","dateModified":"2025-05-01T22:27:39+00:00","description":"Mensaje del Programa de Desarrollo de Cuidado Infantil de la DWSS: Los proveedores de cuidado infantil en Nevada pueden facturar por d\u00edas festivos","breadcrumb":{"@id":"https:\/\/www.nevadaregistry.org\/es\/news-updates\/facturacion-por-dias-festivos-estatales\/#breadcrumb"},"inLanguage":"es","potentialAction":[{"@type":"ReadAction","target":["https:\/\/www.nevadaregistry.org\/es\/news-updates\/facturacion-por-dias-festivos-estatales\/"]}]},{"@type":"ImageObject","inLanguage":"es","@id":"https:\/\/www.nevadaregistry.org\/es\/news-updates\/facturacion-por-dias-festivos-estatales\/#primaryimage","url":"https:\/\/www.nevadaregistry.org\/wp-content\/uploads\/2025\/03\/iStock-2165907415.jpg","contentUrl":"https:\/\/www.nevadaregistry.org\/wp-content\/uploads\/2025\/03\/iStock-2165907415.jpg","width":"1254","height":"836","caption":"A joyful young girl with pigtails smiles while climbing on an orange structure in an indoor playground."},{"@type":"BreadcrumbList","@id":"https:\/\/www.nevadaregistry.org\/es\/news-updates\/facturacion-por-dias-festivos-estatales\/#breadcrumb","itemListElement":[{"@type":"ListItem","position":1,"name":"Home","item":"https:\/\/www.nevadaregistry.org\/es\/pagina-principal\/"},{"@type":"ListItem","position":2,"name":"Facturaci\u00f3n por d\u00edas festivos estatales"}]},{"@type":"WebSite","@id":"https:\/\/www.nevadaregistry.org\/es\/#website","url":"https:\/\/www.nevadaregistry.org\/es\/","name":"The Nevada Registry","description":"Workforce data system capturing information about the Early Childhood Education and Care (ECEC) workforce in Nevada.","publisher":{"@id":"https:\/\/www.nevadaregistry.org\/es\/#organization"},"potentialAction":[{"@type":"SearchAction","target":{"@type":"EntryPoint","urlTemplate":"https:\/\/www.nevadaregistry.org\/es\/?s={search_term_string}"},"query-input":{"@type":"PropertyValueSpecification","valueRequired":true,"valueName":"search_term_string"}}],"inLanguage":"es"},{"@type":"Organization","@id":"https:\/\/www.nevadaregistry.org\/es\/#organization","name":"El Nevada Registry","url":"https:\/\/www.nevadaregistry.org\/es\/","logo":{"@type":"ImageObject","inLanguage":"es","@id":"https:\/\/www.nevadaregistry.org\/es\/#\/schema\/logo\/image\/","url":"https:\/\/www.nevadaregistry.org\/wp-content\/uploads\/2020\/10\/tnr-logo-purple-copy.jpg","contentUrl":"https:\/\/www.nevadaregistry.org\/wp-content\/uploads\/2020\/10\/tnr-logo-purple-copy.jpg","width":"900","height":"562","caption":"El Nevada Registry"},"image":{"@id":"https:\/\/www.nevadaregistry.org\/es\/#\/schema\/logo\/image\/"},"sameAs":["https:\/\/www.facebook.com\/nevadaregistry"]},{"@type":"Person","@id":"https:\/\/www.nevadaregistry.org\/es\/#\/schema\/person\/1bad6d3bd100b050a3a293469ef79985","name":"Shelly Nye","image":{"@type":"ImageObject","inLanguage":"es","@id":"https:\/\/secure.gravatar.com\/avatar\/837d4ba871ac094534f3f9258d55ce0296384282b42745091ee4e3cc5c854046?s=96&d=mm&r=g","url":"https:\/\/secure.gravatar.com\/avatar\/837d4ba871ac094534f3f9258d55ce0296384282b42745091ee4e3cc5c854046?s=96&d=mm&r=g","contentUrl":"https:\/\/secure.gravatar.com\/avatar\/837d4ba871ac094534f3f9258d55ce0296384282b42745091ee4e3cc5c854046?s=96&d=mm&r=g","caption":"Shelly Nye"}}]}},"_links":{"self":[{"href":"https:\/\/www.nevadaregistry.org\/es\/wp-json\/wp\/v2\/posts\/13511","targetHints":{"allow":["GET"]}}],"collection":[{"href":"https:\/\/www.nevadaregistry.org\/es\/wp-json\/wp\/v2\/posts"}],"about":[{"href":"https:\/\/www.nevadaregistry.org\/es\/wp-json\/wp\/v2\/types\/post"}],"author":[{"embeddable":true,"href":"https:\/\/www.nevadaregistry.org\/es\/wp-json\/wp\/v2\/users\/2"}],"replies":[{"embeddable":true,"href":"https:\/\/www.nevadaregistry.org\/es\/wp-json\/wp\/v2\/comments?post=13511"}],"version-history":[{"count":1,"href":"https:\/\/www.nevadaregistry.org\/es\/wp-json\/wp\/v2\/posts\/13511\/revisions"}],"predecessor-version":[{"id":13512,"href":"https:\/\/www.nevadaregistry.org\/es\/wp-json\/wp\/v2\/posts\/13511\/revisions\/13512"}],"wp:featuredmedia":[{"embeddable":true,"href":"https:\/\/www.nevadaregistry.org\/es\/wp-json\/wp\/v2\/media\/12752"}],"wp:attachment":[{"href":"https:\/\/www.nevadaregistry.org\/es\/wp-json\/wp\/v2\/media?parent=13511"}],"wp:term":[{"taxonomy":"category","embeddable":true,"href":"https:\/\/www.nevadaregistry.org\/es\/wp-json\/wp\/v2\/categories?post=13511"},{"taxonomy":"post_tag","embeddable":true,"href":"https:\/\/www.nevadaregistry.org\/es\/wp-json\/wp\/v2\/tags?post=13511"}],"curies":[{"name":"wp","href":"https:\/\/api.w.org\/{rel}","templated":true}]}}