{"id":15568,"date":"2022-07-11T09:25:26","date_gmt":"2022-07-11T16:25:26","guid":{"rendered":"https:\/\/www.nevadaregistry.org\/news-updates\/feria-de-carreras-de-primera-infancia-en-el-sur-de-nevada\/"},"modified":"2025-05-15T16:30:35","modified_gmt":"2025-05-15T23:30:35","slug":"feria-de-carreras-de-primera-infancia-en-el-sur-de-nevada","status":"publish","type":"post","link":"https:\/\/www.nevadaregistry.org\/es\/news-updates\/feria-de-carreras-de-primera-infancia-en-el-sur-de-nevada\/","title":{"rendered":"Feria de carreras de primera infancia en el sur de Nevada"},"content":{"rendered":"<p><strong>Del College of Southern Nevada y la Liga Urbana de Las Vegas \u2013 Conexi\u00f3n de primera infancia<\/strong><\/p>\n<p>Se le invita cordialmente a la Feria de Carreras de Primera Infancia. Traiga consigo su curriculum vitae y venga a informarse sobre una carrera en la que podr\u00e1 marcar una diferencia positiva en la vida de los ni\u00f1os. Este evento se llevar\u00e1 a cabo en el Student Union del Campus North Las Vegas del College of Southern Nevada, el s\u00e1bado 16 de julio de 10:00 a.m. a 1:00 p.m.  <\/p>\n<p><strong>Se proporcionar\u00e1n refrigerios ligeros y bebidas.<\/strong><\/p>\n<p>Representantes de al menos <u>25 empresas diferentes<\/u>, incluyendo centros de cuidado infantil\/preescolares, organizaciones sin fines de lucro y otros programas que apoyan a la comunidad de primera infancia, est\u00e1n buscando <em><u>cubrir m\u00e1s de 100 puestos<\/u><\/em>. Los empleadores estar\u00e1n aceptando curr\u00edculos\/solicitudes de empleo, programando entrevistas, y algunos realizar\u00e1n entrevistas in situ ese mismo d\u00eda.<\/p>\n<p>Siga este enlace para registrarse HOY MISMO: <strong><a href=\"https:\/\/nam10.safelinks.protection.outlook.com\/?url=https%3A%2F%2Fbit.ly%2F3ImPHRx&amp;data=05%7C01%7CTimothy.Lashley%40WashoeSchools.net%7C2f7e75341b23470465b808da6141b9cf%7C3cacf5495e3641cca3de89459e121def%7C1%7C0%7C637929232190154357%7CUnknown%7CTWFpbGZsb3d8eyJWIjoiMC4wLjAwMDAiLCJQIjoiV2luMzIiLCJBTiI6Ik1haWwiLCJXVCI6Mn0%3D%7C3000%7C%7C%7C&amp;sdata=ZeSTcyrYx7mDkK30oLKB4kEip7Bq3xiHBEDbcTah56A%3D&amp;reserved=0\">https:\/\/bit.ly\/3ImPHRx<\/a><\/strong>   <em>El registro no es obligatorio, pero se agradece.<\/em> <\/p>\n<p>Si tiene preguntas o necesita m\u00e1s informaci\u00f3n, por favor contacte a Denise Sidney <strong><a href=\"mailto:Denise.Sidney@CSN.edu\">Denise.Sidney@CSN.edu<\/a><\/strong><\/p>\n<p><a href=\"https:\/\/www.nevadaregistry.org\/wp-content\/uploads\/2022\/07\/ECCF.png\"><img fetchpriority=\"high\" decoding=\"async\" class=\"alignnone size-full wp-image-5390\" src=\"https:\/\/www.nevadaregistry.org\/wp-content\/uploads\/2022\/07\/ECCF.png\" alt=\"\" width=\"650\" height=\"650\" srcset=\"https:\/\/www.nevadaregistry.org\/wp-content\/uploads\/2022\/07\/ECCF.png 650w, https:\/\/www.nevadaregistry.org\/wp-content\/uploads\/2022\/07\/ECCF-300x300.png 300w, https:\/\/www.nevadaregistry.org\/wp-content\/uploads\/2022\/07\/ECCF-150x150.png 150w, https:\/\/www.nevadaregistry.org\/wp-content\/uploads\/2022\/07\/ECCF-75x75.png 75w\" sizes=\"(max-width: 650px) 100vw, 650px\" \/><\/a><\/p>\n","protected":false},"excerpt":{"rendered":"<p>Del College of Southern Nevada y la Liga Urbana de Las Vegas \u2013 Conexi\u00f3n de primera infancia Se le invita&#8230;<\/p>\n","protected":false},"author":2,"featured_media":12002,"comment_status":"closed","ping_status":"closed","sticky":false,"template":"","format":"standard","meta":{"_acf_changed":false,"footnotes":""},"categories":[54],"tags":[],"class_list":["post-15568","post","type-post","status-publish","format-standard","has-post-thumbnail","hentry","category-eventos-comunitarios"],"acf":[],"yoast_head":"<!-- This site is optimized with the Yoast SEO plugin v27.4 - https:\/\/yoast.com\/product\/yoast-seo-wordpress\/ -->\n<title>Feria de carreras de primera infancia en el sur de Nevada - The Nevada Registry<\/title>\n<meta name=\"description\" content=\"Del College of Southern Nevada y la Liga Urbana de Las Vegas \u2013 Conexi\u00f3n de primera infancia Se le invita cordialmente a la Feria de Carreras de Primera\" \/>\n<meta name=\"robots\" content=\"index, follow, max-snippet:-1, max-image-preview:large, max-video-preview:-1\" \/>\n<link rel=\"canonical\" href=\"https:\/\/www.nevadaregistry.org\/es\/news-updates\/feria-de-carreras-de-primera-infancia-en-el-sur-de-nevada\/\" \/>\n<meta property=\"og:locale\" content=\"es_ES\" \/>\n<meta property=\"og:type\" content=\"article\" \/>\n<meta property=\"og:title\" content=\"Feria de carreras de primera infancia en el sur de Nevada - The Nevada Registry\" \/>\n<meta property=\"og:description\" content=\"Del College of Southern Nevada y la Liga Urbana de Las Vegas \u2013 Conexi\u00f3n de primera infancia Se le invita cordialmente a la Feria de Carreras de Primera\" \/>\n<meta property=\"og:url\" content=\"https:\/\/www.nevadaregistry.org\/es\/news-updates\/feria-de-carreras-de-primera-infancia-en-el-sur-de-nevada\/\" \/>\n<meta property=\"og:site_name\" content=\"The Nevada Registry\" \/>\n<meta property=\"article:publisher\" content=\"https:\/\/www.facebook.com\/nevadaregistry\" \/>\n<meta property=\"article:published_time\" content=\"2022-07-11T16:25:26+00:00\" \/>\n<meta property=\"article:modified_time\" content=\"2025-05-15T23:30:35+00:00\" \/>\n<meta property=\"og:image\" content=\"https:\/\/www.nevadaregistry.org\/wp-content\/uploads\/2022\/07\/iStock-884359316-1.jpg\" \/>\n\t<meta property=\"og:image:width\" content=\"1360\" \/>\n\t<meta property=\"og:image:height\" content=\"771\" \/>\n\t<meta property=\"og:image:type\" content=\"image\/jpeg\" \/>\n<meta name=\"author\" content=\"Shelly Nye\" \/>\n<meta name=\"twitter:card\" content=\"summary_large_image\" \/>\n<meta name=\"twitter:label1\" content=\"Escrito por\" \/>\n\t<meta name=\"twitter:data1\" content=\"Shelly Nye\" \/>\n\t<meta name=\"twitter:label2\" content=\"Tiempo de lectura\" \/>\n\t<meta name=\"twitter:data2\" content=\"1 minuto\" \/>\n<script type=\"application\/ld+json\" class=\"yoast-schema-graph\">{\"@context\":\"https:\\\/\\\/schema.org\",\"@graph\":[{\"@type\":\"Article\",\"@id\":\"https:\\\/\\\/www.nevadaregistry.org\\\/es\\\/news-updates\\\/feria-de-carreras-de-primera-infancia-en-el-sur-de-nevada\\\/#article\",\"isPartOf\":{\"@id\":\"https:\\\/\\\/www.nevadaregistry.org\\\/es\\\/news-updates\\\/feria-de-carreras-de-primera-infancia-en-el-sur-de-nevada\\\/\"},\"author\":{\"name\":\"Shelly Nye\",\"@id\":\"https:\\\/\\\/www.nevadaregistry.org\\\/es\\\/#\\\/schema\\\/person\\\/1bad6d3bd100b050a3a293469ef79985\"},\"headline\":\"Feria de carreras de primera infancia en el sur de Nevada\",\"datePublished\":\"2022-07-11T16:25:26+00:00\",\"dateModified\":\"2025-05-15T23:30:35+00:00\",\"mainEntityOfPage\":{\"@id\":\"https:\\\/\\\/www.nevadaregistry.org\\\/es\\\/news-updates\\\/feria-de-carreras-de-primera-infancia-en-el-sur-de-nevada\\\/\"},\"wordCount\":202,\"publisher\":{\"@id\":\"https:\\\/\\\/www.nevadaregistry.org\\\/es\\\/#organization\"},\"image\":{\"@id\":\"https:\\\/\\\/www.nevadaregistry.org\\\/es\\\/news-updates\\\/feria-de-carreras-de-primera-infancia-en-el-sur-de-nevada\\\/#primaryimage\"},\"thumbnailUrl\":\"https:\\\/\\\/www.nevadaregistry.org\\\/wp-content\\\/uploads\\\/2022\\\/07\\\/iStock-884359316-1.jpg\",\"articleSection\":[\"Eventos comunitarios\"],\"inLanguage\":\"es\"},{\"@type\":\"WebPage\",\"@id\":\"https:\\\/\\\/www.nevadaregistry.org\\\/es\\\/news-updates\\\/feria-de-carreras-de-primera-infancia-en-el-sur-de-nevada\\\/\",\"url\":\"https:\\\/\\\/www.nevadaregistry.org\\\/es\\\/news-updates\\\/feria-de-carreras-de-primera-infancia-en-el-sur-de-nevada\\\/\",\"name\":\"Feria de carreras de primera infancia en el sur de Nevada - The Nevada Registry\",\"isPartOf\":{\"@id\":\"https:\\\/\\\/www.nevadaregistry.org\\\/es\\\/#website\"},\"primaryImageOfPage\":{\"@id\":\"https:\\\/\\\/www.nevadaregistry.org\\\/es\\\/news-updates\\\/feria-de-carreras-de-primera-infancia-en-el-sur-de-nevada\\\/#primaryimage\"},\"image\":{\"@id\":\"https:\\\/\\\/www.nevadaregistry.org\\\/es\\\/news-updates\\\/feria-de-carreras-de-primera-infancia-en-el-sur-de-nevada\\\/#primaryimage\"},\"thumbnailUrl\":\"https:\\\/\\\/www.nevadaregistry.org\\\/wp-content\\\/uploads\\\/2022\\\/07\\\/iStock-884359316-1.jpg\",\"datePublished\":\"2022-07-11T16:25:26+00:00\",\"dateModified\":\"2025-05-15T23:30:35+00:00\",\"description\":\"Del College of Southern Nevada y la Liga Urbana de Las Vegas \u2013 Conexi\u00f3n de primera infancia Se le invita cordialmente a la Feria de Carreras de Primera\",\"breadcrumb\":{\"@id\":\"https:\\\/\\\/www.nevadaregistry.org\\\/es\\\/news-updates\\\/feria-de-carreras-de-primera-infancia-en-el-sur-de-nevada\\\/#breadcrumb\"},\"inLanguage\":\"es\",\"potentialAction\":[{\"@type\":\"ReadAction\",\"target\":[\"https:\\\/\\\/www.nevadaregistry.org\\\/es\\\/news-updates\\\/feria-de-carreras-de-primera-infancia-en-el-sur-de-nevada\\\/\"]}]},{\"@type\":\"ImageObject\",\"inLanguage\":\"es\",\"@id\":\"https:\\\/\\\/www.nevadaregistry.org\\\/es\\\/news-updates\\\/feria-de-carreras-de-primera-infancia-en-el-sur-de-nevada\\\/#primaryimage\",\"url\":\"https:\\\/\\\/www.nevadaregistry.org\\\/wp-content\\\/uploads\\\/2022\\\/07\\\/iStock-884359316-1.jpg\",\"contentUrl\":\"https:\\\/\\\/www.nevadaregistry.org\\\/wp-content\\\/uploads\\\/2022\\\/07\\\/iStock-884359316-1.jpg\",\"width\":\"1360\",\"height\":\"771\",\"caption\":\"Girl with afro playing superhero\"},{\"@type\":\"BreadcrumbList\",\"@id\":\"https:\\\/\\\/www.nevadaregistry.org\\\/es\\\/news-updates\\\/feria-de-carreras-de-primera-infancia-en-el-sur-de-nevada\\\/#breadcrumb\",\"itemListElement\":[{\"@type\":\"ListItem\",\"position\":1,\"name\":\"Home\",\"item\":\"https:\\\/\\\/www.nevadaregistry.org\\\/es\\\/pagina-principal\\\/\"},{\"@type\":\"ListItem\",\"position\":2,\"name\":\"Feria de carreras de primera infancia en el sur de Nevada\"}]},{\"@type\":\"WebSite\",\"@id\":\"https:\\\/\\\/www.nevadaregistry.org\\\/es\\\/#website\",\"url\":\"https:\\\/\\\/www.nevadaregistry.org\\\/es\\\/\",\"name\":\"The Nevada Registry\",\"description\":\"Workforce data system capturing information about the Early Childhood Education and Care (ECEC) workforce in Nevada.\",\"publisher\":{\"@id\":\"https:\\\/\\\/www.nevadaregistry.org\\\/es\\\/#organization\"},\"potentialAction\":[{\"@type\":\"SearchAction\",\"target\":{\"@type\":\"EntryPoint\",\"urlTemplate\":\"https:\\\/\\\/www.nevadaregistry.org\\\/es\\\/?s={search_term_string}\"},\"query-input\":{\"@type\":\"PropertyValueSpecification\",\"valueRequired\":true,\"valueName\":\"search_term_string\"}}],\"inLanguage\":\"es\"},{\"@type\":\"Organization\",\"@id\":\"https:\\\/\\\/www.nevadaregistry.org\\\/es\\\/#organization\",\"name\":\"El Nevada Registry\",\"url\":\"https:\\\/\\\/www.nevadaregistry.org\\\/es\\\/\",\"logo\":{\"@type\":\"ImageObject\",\"inLanguage\":\"es\",\"@id\":\"https:\\\/\\\/www.nevadaregistry.org\\\/es\\\/#\\\/schema\\\/logo\\\/image\\\/\",\"url\":\"https:\\\/\\\/www.nevadaregistry.org\\\/wp-content\\\/uploads\\\/2020\\\/10\\\/tnr-logo-purple-copy.jpg\",\"contentUrl\":\"https:\\\/\\\/www.nevadaregistry.org\\\/wp-content\\\/uploads\\\/2020\\\/10\\\/tnr-logo-purple-copy.jpg\",\"width\":\"900\",\"height\":\"562\",\"caption\":\"El Nevada Registry\"},\"image\":{\"@id\":\"https:\\\/\\\/www.nevadaregistry.org\\\/es\\\/#\\\/schema\\\/logo\\\/image\\\/\"},\"sameAs\":[\"https:\\\/\\\/www.facebook.com\\\/nevadaregistry\"]},{\"@type\":\"Person\",\"@id\":\"https:\\\/\\\/www.nevadaregistry.org\\\/es\\\/#\\\/schema\\\/person\\\/1bad6d3bd100b050a3a293469ef79985\",\"name\":\"Shelly Nye\",\"image\":{\"@type\":\"ImageObject\",\"inLanguage\":\"es\",\"@id\":\"https:\\\/\\\/secure.gravatar.com\\\/avatar\\\/837d4ba871ac094534f3f9258d55ce0296384282b42745091ee4e3cc5c854046?s=96&d=mm&r=g\",\"url\":\"https:\\\/\\\/secure.gravatar.com\\\/avatar\\\/837d4ba871ac094534f3f9258d55ce0296384282b42745091ee4e3cc5c854046?s=96&d=mm&r=g\",\"contentUrl\":\"https:\\\/\\\/secure.gravatar.com\\\/avatar\\\/837d4ba871ac094534f3f9258d55ce0296384282b42745091ee4e3cc5c854046?s=96&d=mm&r=g\",\"caption\":\"Shelly Nye\"}}]}<\/script>\n<!-- \/ Yoast SEO plugin. -->","yoast_head_json":{"title":"Feria de carreras de primera infancia en el sur de Nevada - The Nevada Registry","description":"Del College of Southern Nevada y la Liga Urbana de Las Vegas \u2013 Conexi\u00f3n de primera infancia Se le invita cordialmente a la Feria de Carreras de Primera","robots":{"index":"index","follow":"follow","max-snippet":"max-snippet:-1","max-image-preview":"max-image-preview:large","max-video-preview":"max-video-preview:-1"},"canonical":"https:\/\/www.nevadaregistry.org\/es\/news-updates\/feria-de-carreras-de-primera-infancia-en-el-sur-de-nevada\/","og_locale":"es_ES","og_type":"article","og_title":"Feria de carreras de primera infancia en el sur de Nevada - The Nevada Registry","og_description":"Del College of Southern Nevada y la Liga Urbana de Las Vegas \u2013 Conexi\u00f3n de primera infancia Se le invita cordialmente a la Feria de Carreras de Primera","og_url":"https:\/\/www.nevadaregistry.org\/es\/news-updates\/feria-de-carreras-de-primera-infancia-en-el-sur-de-nevada\/","og_site_name":"The Nevada Registry","article_publisher":"https:\/\/www.facebook.com\/nevadaregistry","article_published_time":"2022-07-11T16:25:26+00:00","article_modified_time":"2025-05-15T23:30:35+00:00","og_image":[{"width":1360,"height":771,"url":"https:\/\/www.nevadaregistry.org\/wp-content\/uploads\/2022\/07\/iStock-884359316-1.jpg","type":"image\/jpeg"}],"author":"Shelly Nye","twitter_card":"summary_large_image","twitter_misc":{"Escrito por":"Shelly Nye","Tiempo de lectura":"1 minuto"},"schema":{"@context":"https:\/\/schema.org","@graph":[{"@type":"Article","@id":"https:\/\/www.nevadaregistry.org\/es\/news-updates\/feria-de-carreras-de-primera-infancia-en-el-sur-de-nevada\/#article","isPartOf":{"@id":"https:\/\/www.nevadaregistry.org\/es\/news-updates\/feria-de-carreras-de-primera-infancia-en-el-sur-de-nevada\/"},"author":{"name":"Shelly Nye","@id":"https:\/\/www.nevadaregistry.org\/es\/#\/schema\/person\/1bad6d3bd100b050a3a293469ef79985"},"headline":"Feria de carreras de primera infancia en el sur de Nevada","datePublished":"2022-07-11T16:25:26+00:00","dateModified":"2025-05-15T23:30:35+00:00","mainEntityOfPage":{"@id":"https:\/\/www.nevadaregistry.org\/es\/news-updates\/feria-de-carreras-de-primera-infancia-en-el-sur-de-nevada\/"},"wordCount":202,"publisher":{"@id":"https:\/\/www.nevadaregistry.org\/es\/#organization"},"image":{"@id":"https:\/\/www.nevadaregistry.org\/es\/news-updates\/feria-de-carreras-de-primera-infancia-en-el-sur-de-nevada\/#primaryimage"},"thumbnailUrl":"https:\/\/www.nevadaregistry.org\/wp-content\/uploads\/2022\/07\/iStock-884359316-1.jpg","articleSection":["Eventos comunitarios"],"inLanguage":"es"},{"@type":"WebPage","@id":"https:\/\/www.nevadaregistry.org\/es\/news-updates\/feria-de-carreras-de-primera-infancia-en-el-sur-de-nevada\/","url":"https:\/\/www.nevadaregistry.org\/es\/news-updates\/feria-de-carreras-de-primera-infancia-en-el-sur-de-nevada\/","name":"Feria de carreras de primera infancia en el sur de Nevada - The Nevada Registry","isPartOf":{"@id":"https:\/\/www.nevadaregistry.org\/es\/#website"},"primaryImageOfPage":{"@id":"https:\/\/www.nevadaregistry.org\/es\/news-updates\/feria-de-carreras-de-primera-infancia-en-el-sur-de-nevada\/#primaryimage"},"image":{"@id":"https:\/\/www.nevadaregistry.org\/es\/news-updates\/feria-de-carreras-de-primera-infancia-en-el-sur-de-nevada\/#primaryimage"},"thumbnailUrl":"https:\/\/www.nevadaregistry.org\/wp-content\/uploads\/2022\/07\/iStock-884359316-1.jpg","datePublished":"2022-07-11T16:25:26+00:00","dateModified":"2025-05-15T23:30:35+00:00","description":"Del College of Southern Nevada y la Liga Urbana de Las Vegas \u2013 Conexi\u00f3n de primera infancia Se le invita cordialmente a la Feria de Carreras de Primera","breadcrumb":{"@id":"https:\/\/www.nevadaregistry.org\/es\/news-updates\/feria-de-carreras-de-primera-infancia-en-el-sur-de-nevada\/#breadcrumb"},"inLanguage":"es","potentialAction":[{"@type":"ReadAction","target":["https:\/\/www.nevadaregistry.org\/es\/news-updates\/feria-de-carreras-de-primera-infancia-en-el-sur-de-nevada\/"]}]},{"@type":"ImageObject","inLanguage":"es","@id":"https:\/\/www.nevadaregistry.org\/es\/news-updates\/feria-de-carreras-de-primera-infancia-en-el-sur-de-nevada\/#primaryimage","url":"https:\/\/www.nevadaregistry.org\/wp-content\/uploads\/2022\/07\/iStock-884359316-1.jpg","contentUrl":"https:\/\/www.nevadaregistry.org\/wp-content\/uploads\/2022\/07\/iStock-884359316-1.jpg","width":"1360","height":"771","caption":"Girl with afro playing superhero"},{"@type":"BreadcrumbList","@id":"https:\/\/www.nevadaregistry.org\/es\/news-updates\/feria-de-carreras-de-primera-infancia-en-el-sur-de-nevada\/#breadcrumb","itemListElement":[{"@type":"ListItem","position":1,"name":"Home","item":"https:\/\/www.nevadaregistry.org\/es\/pagina-principal\/"},{"@type":"ListItem","position":2,"name":"Feria de carreras de primera infancia en el sur de Nevada"}]},{"@type":"WebSite","@id":"https:\/\/www.nevadaregistry.org\/es\/#website","url":"https:\/\/www.nevadaregistry.org\/es\/","name":"The Nevada Registry","description":"Workforce data system capturing information about the Early Childhood Education and Care (ECEC) workforce in Nevada.","publisher":{"@id":"https:\/\/www.nevadaregistry.org\/es\/#organization"},"potentialAction":[{"@type":"SearchAction","target":{"@type":"EntryPoint","urlTemplate":"https:\/\/www.nevadaregistry.org\/es\/?s={search_term_string}"},"query-input":{"@type":"PropertyValueSpecification","valueRequired":true,"valueName":"search_term_string"}}],"inLanguage":"es"},{"@type":"Organization","@id":"https:\/\/www.nevadaregistry.org\/es\/#organization","name":"El Nevada Registry","url":"https:\/\/www.nevadaregistry.org\/es\/","logo":{"@type":"ImageObject","inLanguage":"es","@id":"https:\/\/www.nevadaregistry.org\/es\/#\/schema\/logo\/image\/","url":"https:\/\/www.nevadaregistry.org\/wp-content\/uploads\/2020\/10\/tnr-logo-purple-copy.jpg","contentUrl":"https:\/\/www.nevadaregistry.org\/wp-content\/uploads\/2020\/10\/tnr-logo-purple-copy.jpg","width":"900","height":"562","caption":"El Nevada Registry"},"image":{"@id":"https:\/\/www.nevadaregistry.org\/es\/#\/schema\/logo\/image\/"},"sameAs":["https:\/\/www.facebook.com\/nevadaregistry"]},{"@type":"Person","@id":"https:\/\/www.nevadaregistry.org\/es\/#\/schema\/person\/1bad6d3bd100b050a3a293469ef79985","name":"Shelly Nye","image":{"@type":"ImageObject","inLanguage":"es","@id":"https:\/\/secure.gravatar.com\/avatar\/837d4ba871ac094534f3f9258d55ce0296384282b42745091ee4e3cc5c854046?s=96&d=mm&r=g","url":"https:\/\/secure.gravatar.com\/avatar\/837d4ba871ac094534f3f9258d55ce0296384282b42745091ee4e3cc5c854046?s=96&d=mm&r=g","contentUrl":"https:\/\/secure.gravatar.com\/avatar\/837d4ba871ac094534f3f9258d55ce0296384282b42745091ee4e3cc5c854046?s=96&d=mm&r=g","caption":"Shelly Nye"}}]}},"_links":{"self":[{"href":"https:\/\/www.nevadaregistry.org\/es\/wp-json\/wp\/v2\/posts\/15568","targetHints":{"allow":["GET"]}}],"collection":[{"href":"https:\/\/www.nevadaregistry.org\/es\/wp-json\/wp\/v2\/posts"}],"about":[{"href":"https:\/\/www.nevadaregistry.org\/es\/wp-json\/wp\/v2\/types\/post"}],"author":[{"embeddable":true,"href":"https:\/\/www.nevadaregistry.org\/es\/wp-json\/wp\/v2\/users\/2"}],"replies":[{"embeddable":true,"href":"https:\/\/www.nevadaregistry.org\/es\/wp-json\/wp\/v2\/comments?post=15568"}],"version-history":[{"count":1,"href":"https:\/\/www.nevadaregistry.org\/es\/wp-json\/wp\/v2\/posts\/15568\/revisions"}],"predecessor-version":[{"id":15569,"href":"https:\/\/www.nevadaregistry.org\/es\/wp-json\/wp\/v2\/posts\/15568\/revisions\/15569"}],"wp:featuredmedia":[{"embeddable":true,"href":"https:\/\/www.nevadaregistry.org\/es\/wp-json\/wp\/v2\/media\/12002"}],"wp:attachment":[{"href":"https:\/\/www.nevadaregistry.org\/es\/wp-json\/wp\/v2\/media?parent=15568"}],"wp:term":[{"taxonomy":"category","embeddable":true,"href":"https:\/\/www.nevadaregistry.org\/es\/wp-json\/wp\/v2\/categories?post=15568"},{"taxonomy":"post_tag","embeddable":true,"href":"https:\/\/www.nevadaregistry.org\/es\/wp-json\/wp\/v2\/tags?post=15568"}],"curies":[{"name":"wp","href":"https:\/\/api.w.org\/{rel}","templated":true}]}}