{"id":18080,"date":"2026-02-27T11:32:17","date_gmt":"2026-02-27T19:32:17","guid":{"rendered":"https:\/\/www.nevadaregistry.org\/news-updates\/becas-disponibles-para-la-conferencia-de-nevaeyc\/"},"modified":"2026-02-28T09:28:36","modified_gmt":"2026-02-28T17:28:36","slug":"becas-disponibles-para-la-conferencia-de-nevaeyc","status":"publish","type":"post","link":"https:\/\/www.nevadaregistry.org\/es\/news-updates\/becas-disponibles-para-la-conferencia-de-nevaeyc\/","title":{"rendered":"\u00a1Inscr\u00edbete ya! Becas disponibles para la Conferencia NevAEYC 2026"},"content":{"rendered":"<p>Estimados educadores de la primera infancia:<\/p>\n<p>\u00a1En NevAEYC nos complace anunciar que ya est\u00e1 disponible <strong>un n\u00famero limitado de becas<\/strong> para que los educadores de la primera infancia asistan a la <strong>Conferencia NevAEYC 2026<\/strong> este mes de abril! Se trata del evento de educaci\u00f3n infantil m\u00e1s emblem\u00e1tico de Nevada, que ofrece ponencias inspiradoras, talleres de alta calidad y un aprendizaje profesional significativo para el personal de ECE de nuestro estado. <\/p>\n<p>Estas becas ayudan a reducir las barreras financieras y apoyan tu crecimiento profesional continuo.<\/p>\n<h3><strong>La beca cubre:<\/strong><\/h3>\n<ul>\n<li><strong>La cuota de inscripci\u00f3n completa para la conferencia<\/strong> y la entrada para el evento de networking con cine del jueves por la noche<\/li>\n<li><strong>Alojamiento en hotel<\/strong> durante la conferencia (para educadores de fuera del condado de Washoe)<\/li>\n<li><strong>Dietas<\/strong><\/li>\n<li>Una <strong>asignaci\u00f3n para viajes<\/strong> (para educadores de fuera del condado de Washoe, a tarifa fija; es posible que no cubra totalmente todos los gastos de viaje)<\/li>\n<li><strong>Camiseta de la conferencia<\/strong> NevAEYC 2026<\/li>\n<\/ul>\n<p><strong>No incluido:<\/strong> Sesiones previas a la conferencia u otros complementos opcionales.<\/p>\n<p>Esta oportunidad est\u00e1 abierta a los <strong>educadores actuales de la primera infancia<\/strong> que trabajen en Nevada. Dado que el n\u00famero de becas es limitado, te animamos a que presentes tu solicitud <strong>lo antes posible<\/strong>. <\/p>\n<h3><strong>Para solicitarla:<\/strong><\/h3>\n<p>Puedes escanear el c\u00f3digo QR del <a href=\"https:\/\/www.nevadaregistry.org\/wp-content\/uploads\/2026\/02\/Scholarship-flyer.pdf\">folleto de la beca<\/a> <strong>O utilizar este enlace directo<\/strong>:<br \/>\n<a href=\"https:\/\/forms.gle\/k6BwwARE2TEGgGnKA\">https:\/\/forms.gle\/k6BwwARE2TEGgGnKA<\/a><\/p>\n<p><strong>Fecha l\u00edmite de solicitud: domingo 8 de marzo a las 23:00 (PST).<\/strong><\/p>\n<h3><strong>Detalles de la conferencia:<\/strong><\/h3>\n<p><a href=\"https:\/\/site.pheedloop.com\/event\/2026NevAEYCConference\/home\">https:\/\/site.pheedloop.com\/event\/2026NevAEYCConference\/home<\/a><\/p>\n<p>Esta es una oportunidad fant\u00e1stica para participar en el desarrollo profesional a nivel estatal y conectar con colegas del aprendizaje temprano de todo Nevada. No dudes en compartir esta oportunidad con otros profesionales del sector. <\/p>\n","protected":false},"excerpt":{"rendered":"<p>Estimados educadores de la primera infancia: \u00a1En NevAEYC nos complace anunciar que ya est\u00e1 disponible un n\u00famero limitado de becas&#8230;<\/p>\n","protected":false},"author":2,"featured_media":17061,"comment_status":"closed","ping_status":"closed","sticky":false,"template":"","format":"standard","meta":{"_acf_changed":false,"footnotes":""},"categories":[47],"tags":[],"class_list":["post-18080","post","type-post","status-publish","format-standard","has-post-thumbnail","hentry","category-desarrollo-profesional"],"acf":[],"yoast_head":"<!-- This site is optimized with the Yoast SEO plugin v27.4 - https:\/\/yoast.com\/product\/yoast-seo-wordpress\/ -->\n<title>\u00a1Inscr\u00edbete ya! Becas disponibles para la Conferencia NevAEYC 2026 - The Nevada Registry<\/title>\n<meta name=\"description\" content=\"Estimados educadores de la primera infancia: \u00a1En NevAEYC nos complace anunciar que ya est\u00e1 disponible un n\u00famero limitado de becas para que los educadores\" \/>\n<meta name=\"robots\" content=\"index, follow, max-snippet:-1, max-image-preview:large, max-video-preview:-1\" \/>\n<link rel=\"canonical\" href=\"https:\/\/www.nevadaregistry.org\/es\/news-updates\/becas-disponibles-para-la-conferencia-de-nevaeyc\/\" \/>\n<meta property=\"og:locale\" content=\"es_ES\" \/>\n<meta property=\"og:type\" content=\"article\" \/>\n<meta property=\"og:title\" content=\"\u00a1Inscr\u00edbete ya! Becas disponibles para la Conferencia NevAEYC 2026 - The Nevada Registry\" \/>\n<meta property=\"og:description\" content=\"Estimados educadores de la primera infancia: \u00a1En NevAEYC nos complace anunciar que ya est\u00e1 disponible un n\u00famero limitado de becas para que los educadores\" \/>\n<meta property=\"og:url\" content=\"https:\/\/www.nevadaregistry.org\/es\/news-updates\/becas-disponibles-para-la-conferencia-de-nevaeyc\/\" \/>\n<meta property=\"og:site_name\" content=\"The Nevada Registry\" \/>\n<meta property=\"article:publisher\" content=\"https:\/\/www.facebook.com\/nevadaregistry\" \/>\n<meta property=\"article:published_time\" content=\"2026-02-27T19:32:17+00:00\" \/>\n<meta property=\"article:modified_time\" content=\"2026-02-28T17:28:36+00:00\" \/>\n<meta property=\"og:image\" content=\"https:\/\/www.nevadaregistry.org\/wp-content\/uploads\/2025\/09\/NevAEYC2026Conference.jpg\" \/>\n\t<meta property=\"og:image:width\" content=\"819\" \/>\n\t<meta property=\"og:image:height\" content=\"662\" \/>\n\t<meta property=\"og:image:type\" content=\"image\/jpeg\" \/>\n<meta name=\"author\" content=\"Shelly Nye\" \/>\n<meta name=\"twitter:card\" content=\"summary_large_image\" \/>\n<meta name=\"twitter:label1\" content=\"Escrito por\" \/>\n\t<meta name=\"twitter:data1\" content=\"Shelly Nye\" \/>\n\t<meta name=\"twitter:label2\" content=\"Tiempo de lectura\" \/>\n\t<meta name=\"twitter:data2\" content=\"1 minuto\" \/>\n<script type=\"application\/ld+json\" class=\"yoast-schema-graph\">{\"@context\":\"https:\\\/\\\/schema.org\",\"@graph\":[{\"@type\":\"Article\",\"@id\":\"https:\\\/\\\/www.nevadaregistry.org\\\/es\\\/news-updates\\\/becas-disponibles-para-la-conferencia-de-nevaeyc\\\/#article\",\"isPartOf\":{\"@id\":\"https:\\\/\\\/www.nevadaregistry.org\\\/es\\\/news-updates\\\/becas-disponibles-para-la-conferencia-de-nevaeyc\\\/\"},\"author\":{\"name\":\"Shelly Nye\",\"@id\":\"https:\\\/\\\/www.nevadaregistry.org\\\/es\\\/#\\\/schema\\\/person\\\/1bad6d3bd100b050a3a293469ef79985\"},\"headline\":\"\u00a1Inscr\u00edbete ya! Becas disponibles para la Conferencia NevAEYC 2026\",\"datePublished\":\"2026-02-27T19:32:17+00:00\",\"dateModified\":\"2026-02-28T17:28:36+00:00\",\"mainEntityOfPage\":{\"@id\":\"https:\\\/\\\/www.nevadaregistry.org\\\/es\\\/news-updates\\\/becas-disponibles-para-la-conferencia-de-nevaeyc\\\/\"},\"wordCount\":298,\"publisher\":{\"@id\":\"https:\\\/\\\/www.nevadaregistry.org\\\/es\\\/#organization\"},\"image\":{\"@id\":\"https:\\\/\\\/www.nevadaregistry.org\\\/es\\\/news-updates\\\/becas-disponibles-para-la-conferencia-de-nevaeyc\\\/#primaryimage\"},\"thumbnailUrl\":\"https:\\\/\\\/www.nevadaregistry.org\\\/wp-content\\\/uploads\\\/2025\\\/09\\\/NevAEYC2026Conference.jpg\",\"articleSection\":[\"Desarrollo Profesional\"],\"inLanguage\":\"es\"},{\"@type\":\"WebPage\",\"@id\":\"https:\\\/\\\/www.nevadaregistry.org\\\/es\\\/news-updates\\\/becas-disponibles-para-la-conferencia-de-nevaeyc\\\/\",\"url\":\"https:\\\/\\\/www.nevadaregistry.org\\\/es\\\/news-updates\\\/becas-disponibles-para-la-conferencia-de-nevaeyc\\\/\",\"name\":\"\u00a1Inscr\u00edbete ya! Becas disponibles para la Conferencia NevAEYC 2026 - The Nevada Registry\",\"isPartOf\":{\"@id\":\"https:\\\/\\\/www.nevadaregistry.org\\\/es\\\/#website\"},\"primaryImageOfPage\":{\"@id\":\"https:\\\/\\\/www.nevadaregistry.org\\\/es\\\/news-updates\\\/becas-disponibles-para-la-conferencia-de-nevaeyc\\\/#primaryimage\"},\"image\":{\"@id\":\"https:\\\/\\\/www.nevadaregistry.org\\\/es\\\/news-updates\\\/becas-disponibles-para-la-conferencia-de-nevaeyc\\\/#primaryimage\"},\"thumbnailUrl\":\"https:\\\/\\\/www.nevadaregistry.org\\\/wp-content\\\/uploads\\\/2025\\\/09\\\/NevAEYC2026Conference.jpg\",\"datePublished\":\"2026-02-27T19:32:17+00:00\",\"dateModified\":\"2026-02-28T17:28:36+00:00\",\"description\":\"Estimados educadores de la primera infancia: \u00a1En NevAEYC nos complace anunciar que ya est\u00e1 disponible un n\u00famero limitado de becas para que los educadores\",\"breadcrumb\":{\"@id\":\"https:\\\/\\\/www.nevadaregistry.org\\\/es\\\/news-updates\\\/becas-disponibles-para-la-conferencia-de-nevaeyc\\\/#breadcrumb\"},\"inLanguage\":\"es\",\"potentialAction\":[{\"@type\":\"ReadAction\",\"target\":[\"https:\\\/\\\/www.nevadaregistry.org\\\/es\\\/news-updates\\\/becas-disponibles-para-la-conferencia-de-nevaeyc\\\/\"]}]},{\"@type\":\"ImageObject\",\"inLanguage\":\"es\",\"@id\":\"https:\\\/\\\/www.nevadaregistry.org\\\/es\\\/news-updates\\\/becas-disponibles-para-la-conferencia-de-nevaeyc\\\/#primaryimage\",\"url\":\"https:\\\/\\\/www.nevadaregistry.org\\\/wp-content\\\/uploads\\\/2025\\\/09\\\/NevAEYC2026Conference.jpg\",\"contentUrl\":\"https:\\\/\\\/www.nevadaregistry.org\\\/wp-content\\\/uploads\\\/2025\\\/09\\\/NevAEYC2026Conference.jpg\",\"width\":819,\"height\":662},{\"@type\":\"BreadcrumbList\",\"@id\":\"https:\\\/\\\/www.nevadaregistry.org\\\/es\\\/news-updates\\\/becas-disponibles-para-la-conferencia-de-nevaeyc\\\/#breadcrumb\",\"itemListElement\":[{\"@type\":\"ListItem\",\"position\":1,\"name\":\"Home\",\"item\":\"https:\\\/\\\/www.nevadaregistry.org\\\/es\\\/pagina-principal\\\/\"},{\"@type\":\"ListItem\",\"position\":2,\"name\":\"\u00a1Inscr\u00edbete ya! Becas disponibles para la Conferencia NevAEYC 2026\"}]},{\"@type\":\"WebSite\",\"@id\":\"https:\\\/\\\/www.nevadaregistry.org\\\/es\\\/#website\",\"url\":\"https:\\\/\\\/www.nevadaregistry.org\\\/es\\\/\",\"name\":\"The Nevada Registry\",\"description\":\"Workforce data system capturing information about the Early Childhood Education and Care (ECEC) workforce in Nevada.\",\"publisher\":{\"@id\":\"https:\\\/\\\/www.nevadaregistry.org\\\/es\\\/#organization\"},\"potentialAction\":[{\"@type\":\"SearchAction\",\"target\":{\"@type\":\"EntryPoint\",\"urlTemplate\":\"https:\\\/\\\/www.nevadaregistry.org\\\/es\\\/?s={search_term_string}\"},\"query-input\":{\"@type\":\"PropertyValueSpecification\",\"valueRequired\":true,\"valueName\":\"search_term_string\"}}],\"inLanguage\":\"es\"},{\"@type\":\"Organization\",\"@id\":\"https:\\\/\\\/www.nevadaregistry.org\\\/es\\\/#organization\",\"name\":\"El Nevada Registry\",\"url\":\"https:\\\/\\\/www.nevadaregistry.org\\\/es\\\/\",\"logo\":{\"@type\":\"ImageObject\",\"inLanguage\":\"es\",\"@id\":\"https:\\\/\\\/www.nevadaregistry.org\\\/es\\\/#\\\/schema\\\/logo\\\/image\\\/\",\"url\":\"https:\\\/\\\/www.nevadaregistry.org\\\/wp-content\\\/uploads\\\/2020\\\/10\\\/tnr-logo-purple-copy.jpg\",\"contentUrl\":\"https:\\\/\\\/www.nevadaregistry.org\\\/wp-content\\\/uploads\\\/2020\\\/10\\\/tnr-logo-purple-copy.jpg\",\"width\":\"900\",\"height\":\"562\",\"caption\":\"El Nevada Registry\"},\"image\":{\"@id\":\"https:\\\/\\\/www.nevadaregistry.org\\\/es\\\/#\\\/schema\\\/logo\\\/image\\\/\"},\"sameAs\":[\"https:\\\/\\\/www.facebook.com\\\/nevadaregistry\"]},{\"@type\":\"Person\",\"@id\":\"https:\\\/\\\/www.nevadaregistry.org\\\/es\\\/#\\\/schema\\\/person\\\/1bad6d3bd100b050a3a293469ef79985\",\"name\":\"Shelly Nye\",\"image\":{\"@type\":\"ImageObject\",\"inLanguage\":\"es\",\"@id\":\"https:\\\/\\\/secure.gravatar.com\\\/avatar\\\/837d4ba871ac094534f3f9258d55ce0296384282b42745091ee4e3cc5c854046?s=96&d=mm&r=g\",\"url\":\"https:\\\/\\\/secure.gravatar.com\\\/avatar\\\/837d4ba871ac094534f3f9258d55ce0296384282b42745091ee4e3cc5c854046?s=96&d=mm&r=g\",\"contentUrl\":\"https:\\\/\\\/secure.gravatar.com\\\/avatar\\\/837d4ba871ac094534f3f9258d55ce0296384282b42745091ee4e3cc5c854046?s=96&d=mm&r=g\",\"caption\":\"Shelly Nye\"}}]}<\/script>\n<!-- \/ Yoast SEO plugin. -->","yoast_head_json":{"title":"\u00a1Inscr\u00edbete ya! Becas disponibles para la Conferencia NevAEYC 2026 - The Nevada Registry","description":"Estimados educadores de la primera infancia: \u00a1En NevAEYC nos complace anunciar que ya est\u00e1 disponible un n\u00famero limitado de becas para que los educadores","robots":{"index":"index","follow":"follow","max-snippet":"max-snippet:-1","max-image-preview":"max-image-preview:large","max-video-preview":"max-video-preview:-1"},"canonical":"https:\/\/www.nevadaregistry.org\/es\/news-updates\/becas-disponibles-para-la-conferencia-de-nevaeyc\/","og_locale":"es_ES","og_type":"article","og_title":"\u00a1Inscr\u00edbete ya! Becas disponibles para la Conferencia NevAEYC 2026 - The Nevada Registry","og_description":"Estimados educadores de la primera infancia: \u00a1En NevAEYC nos complace anunciar que ya est\u00e1 disponible un n\u00famero limitado de becas para que los educadores","og_url":"https:\/\/www.nevadaregistry.org\/es\/news-updates\/becas-disponibles-para-la-conferencia-de-nevaeyc\/","og_site_name":"The Nevada Registry","article_publisher":"https:\/\/www.facebook.com\/nevadaregistry","article_published_time":"2026-02-27T19:32:17+00:00","article_modified_time":"2026-02-28T17:28:36+00:00","og_image":[{"width":819,"height":662,"url":"https:\/\/www.nevadaregistry.org\/wp-content\/uploads\/2025\/09\/NevAEYC2026Conference.jpg","type":"image\/jpeg"}],"author":"Shelly Nye","twitter_card":"summary_large_image","twitter_misc":{"Escrito por":"Shelly Nye","Tiempo de lectura":"1 minuto"},"schema":{"@context":"https:\/\/schema.org","@graph":[{"@type":"Article","@id":"https:\/\/www.nevadaregistry.org\/es\/news-updates\/becas-disponibles-para-la-conferencia-de-nevaeyc\/#article","isPartOf":{"@id":"https:\/\/www.nevadaregistry.org\/es\/news-updates\/becas-disponibles-para-la-conferencia-de-nevaeyc\/"},"author":{"name":"Shelly Nye","@id":"https:\/\/www.nevadaregistry.org\/es\/#\/schema\/person\/1bad6d3bd100b050a3a293469ef79985"},"headline":"\u00a1Inscr\u00edbete ya! Becas disponibles para la Conferencia NevAEYC 2026","datePublished":"2026-02-27T19:32:17+00:00","dateModified":"2026-02-28T17:28:36+00:00","mainEntityOfPage":{"@id":"https:\/\/www.nevadaregistry.org\/es\/news-updates\/becas-disponibles-para-la-conferencia-de-nevaeyc\/"},"wordCount":298,"publisher":{"@id":"https:\/\/www.nevadaregistry.org\/es\/#organization"},"image":{"@id":"https:\/\/www.nevadaregistry.org\/es\/news-updates\/becas-disponibles-para-la-conferencia-de-nevaeyc\/#primaryimage"},"thumbnailUrl":"https:\/\/www.nevadaregistry.org\/wp-content\/uploads\/2025\/09\/NevAEYC2026Conference.jpg","articleSection":["Desarrollo Profesional"],"inLanguage":"es"},{"@type":"WebPage","@id":"https:\/\/www.nevadaregistry.org\/es\/news-updates\/becas-disponibles-para-la-conferencia-de-nevaeyc\/","url":"https:\/\/www.nevadaregistry.org\/es\/news-updates\/becas-disponibles-para-la-conferencia-de-nevaeyc\/","name":"\u00a1Inscr\u00edbete ya! Becas disponibles para la Conferencia NevAEYC 2026 - The Nevada Registry","isPartOf":{"@id":"https:\/\/www.nevadaregistry.org\/es\/#website"},"primaryImageOfPage":{"@id":"https:\/\/www.nevadaregistry.org\/es\/news-updates\/becas-disponibles-para-la-conferencia-de-nevaeyc\/#primaryimage"},"image":{"@id":"https:\/\/www.nevadaregistry.org\/es\/news-updates\/becas-disponibles-para-la-conferencia-de-nevaeyc\/#primaryimage"},"thumbnailUrl":"https:\/\/www.nevadaregistry.org\/wp-content\/uploads\/2025\/09\/NevAEYC2026Conference.jpg","datePublished":"2026-02-27T19:32:17+00:00","dateModified":"2026-02-28T17:28:36+00:00","description":"Estimados educadores de la primera infancia: \u00a1En NevAEYC nos complace anunciar que ya est\u00e1 disponible un n\u00famero limitado de becas para que los educadores","breadcrumb":{"@id":"https:\/\/www.nevadaregistry.org\/es\/news-updates\/becas-disponibles-para-la-conferencia-de-nevaeyc\/#breadcrumb"},"inLanguage":"es","potentialAction":[{"@type":"ReadAction","target":["https:\/\/www.nevadaregistry.org\/es\/news-updates\/becas-disponibles-para-la-conferencia-de-nevaeyc\/"]}]},{"@type":"ImageObject","inLanguage":"es","@id":"https:\/\/www.nevadaregistry.org\/es\/news-updates\/becas-disponibles-para-la-conferencia-de-nevaeyc\/#primaryimage","url":"https:\/\/www.nevadaregistry.org\/wp-content\/uploads\/2025\/09\/NevAEYC2026Conference.jpg","contentUrl":"https:\/\/www.nevadaregistry.org\/wp-content\/uploads\/2025\/09\/NevAEYC2026Conference.jpg","width":819,"height":662},{"@type":"BreadcrumbList","@id":"https:\/\/www.nevadaregistry.org\/es\/news-updates\/becas-disponibles-para-la-conferencia-de-nevaeyc\/#breadcrumb","itemListElement":[{"@type":"ListItem","position":1,"name":"Home","item":"https:\/\/www.nevadaregistry.org\/es\/pagina-principal\/"},{"@type":"ListItem","position":2,"name":"\u00a1Inscr\u00edbete ya! Becas disponibles para la Conferencia NevAEYC 2026"}]},{"@type":"WebSite","@id":"https:\/\/www.nevadaregistry.org\/es\/#website","url":"https:\/\/www.nevadaregistry.org\/es\/","name":"The Nevada Registry","description":"Workforce data system capturing information about the Early Childhood Education and Care (ECEC) workforce in Nevada.","publisher":{"@id":"https:\/\/www.nevadaregistry.org\/es\/#organization"},"potentialAction":[{"@type":"SearchAction","target":{"@type":"EntryPoint","urlTemplate":"https:\/\/www.nevadaregistry.org\/es\/?s={search_term_string}"},"query-input":{"@type":"PropertyValueSpecification","valueRequired":true,"valueName":"search_term_string"}}],"inLanguage":"es"},{"@type":"Organization","@id":"https:\/\/www.nevadaregistry.org\/es\/#organization","name":"El Nevada Registry","url":"https:\/\/www.nevadaregistry.org\/es\/","logo":{"@type":"ImageObject","inLanguage":"es","@id":"https:\/\/www.nevadaregistry.org\/es\/#\/schema\/logo\/image\/","url":"https:\/\/www.nevadaregistry.org\/wp-content\/uploads\/2020\/10\/tnr-logo-purple-copy.jpg","contentUrl":"https:\/\/www.nevadaregistry.org\/wp-content\/uploads\/2020\/10\/tnr-logo-purple-copy.jpg","width":"900","height":"562","caption":"El Nevada Registry"},"image":{"@id":"https:\/\/www.nevadaregistry.org\/es\/#\/schema\/logo\/image\/"},"sameAs":["https:\/\/www.facebook.com\/nevadaregistry"]},{"@type":"Person","@id":"https:\/\/www.nevadaregistry.org\/es\/#\/schema\/person\/1bad6d3bd100b050a3a293469ef79985","name":"Shelly Nye","image":{"@type":"ImageObject","inLanguage":"es","@id":"https:\/\/secure.gravatar.com\/avatar\/837d4ba871ac094534f3f9258d55ce0296384282b42745091ee4e3cc5c854046?s=96&d=mm&r=g","url":"https:\/\/secure.gravatar.com\/avatar\/837d4ba871ac094534f3f9258d55ce0296384282b42745091ee4e3cc5c854046?s=96&d=mm&r=g","contentUrl":"https:\/\/secure.gravatar.com\/avatar\/837d4ba871ac094534f3f9258d55ce0296384282b42745091ee4e3cc5c854046?s=96&d=mm&r=g","caption":"Shelly Nye"}}]}},"_links":{"self":[{"href":"https:\/\/www.nevadaregistry.org\/es\/wp-json\/wp\/v2\/posts\/18080","targetHints":{"allow":["GET"]}}],"collection":[{"href":"https:\/\/www.nevadaregistry.org\/es\/wp-json\/wp\/v2\/posts"}],"about":[{"href":"https:\/\/www.nevadaregistry.org\/es\/wp-json\/wp\/v2\/types\/post"}],"author":[{"embeddable":true,"href":"https:\/\/www.nevadaregistry.org\/es\/wp-json\/wp\/v2\/users\/2"}],"replies":[{"embeddable":true,"href":"https:\/\/www.nevadaregistry.org\/es\/wp-json\/wp\/v2\/comments?post=18080"}],"version-history":[{"count":3,"href":"https:\/\/www.nevadaregistry.org\/es\/wp-json\/wp\/v2\/posts\/18080\/revisions"}],"predecessor-version":[{"id":18097,"href":"https:\/\/www.nevadaregistry.org\/es\/wp-json\/wp\/v2\/posts\/18080\/revisions\/18097"}],"wp:featuredmedia":[{"embeddable":true,"href":"https:\/\/www.nevadaregistry.org\/es\/wp-json\/wp\/v2\/media\/17061"}],"wp:attachment":[{"href":"https:\/\/www.nevadaregistry.org\/es\/wp-json\/wp\/v2\/media?parent=18080"}],"wp:term":[{"taxonomy":"category","embeddable":true,"href":"https:\/\/www.nevadaregistry.org\/es\/wp-json\/wp\/v2\/categories?post=18080"},{"taxonomy":"post_tag","embeddable":true,"href":"https:\/\/www.nevadaregistry.org\/es\/wp-json\/wp\/v2\/tags?post=18080"}],"curies":[{"name":"wp","href":"https:\/\/api.w.org\/{rel}","templated":true}]}}