{"id":18115,"date":"2026-03-04T16:05:06","date_gmt":"2026-03-05T00:05:06","guid":{"rendered":"https:\/\/www.nevadaregistry.org\/news-updates\/nominaciones-y-solicitudes-abiertas-para-el-educador-de-primera-infancia-del-ano-2026\/"},"modified":"2026-03-04T16:18:45","modified_gmt":"2026-03-05T00:18:45","slug":"nominaciones-y-solicitudes-abiertas-para-el-educador-de-primera-infancia-del-ano-2026","status":"publish","type":"post","link":"https:\/\/www.nevadaregistry.org\/es\/news-updates\/nominaciones-y-solicitudes-abiertas-para-el-educador-de-primera-infancia-del-ano-2026\/","title":{"rendered":"Nominaciones y solicitudes ABIERTAS para el Educador de Primera Infancia del A\u00f1o 2026"},"content":{"rendered":"<p>El Departamento de Educaci\u00f3n de Nevada (NDE), Oficina de Aprendizaje y Desarrollo Temprano (OELD), se complace en lanzar el sexto a\u00f1o (a\u00f1o escolar 2025-2026) de nuestro <em>Premio al Educador de Primera Infancia del A\u00f1o.<\/em> <\/p>\n<p>Los maestros de primera infancia tienen uno de los trabajos m\u00e1s importantes del mundo: proporcionar educaci\u00f3n de calidad a los estudiantes m\u00e1s j\u00f3venes de nuestro estado y colaborar con sus familias.<\/p>\n<p><strong>Para nominar<\/strong> a un maestro de primera infancia cuyo incre\u00edble trabajo te gustar\u00eda reconocer, completa nuestro<\/p>\n<p><u><a href=\"https:\/\/docs.google.com\/forms\/d\/e\/1FAIpQLSedLd83E0Vt7ODXZv-Jpbk4eiN9hWbFWRkhvE1BvjdikLOA8g\/viewform\" data-auth=\"NotApplicable\"> Formulario de Nominaci\u00f3n del Premio al Educador de Primera Infancia del A\u00f1o (EEOY)<\/a><\/u><\/p>\n<p>o escanea el c\u00f3digo QR:<\/p>\n<p><img decoding=\"async\" class=\"alignnone size-full wp-image-18112\" src=\"https:\/\/www.nevadaregistry.org\/wp-content\/uploads\/2026\/03\/EEOYQRCode.png\" alt=\"\" width=\"163\" height=\"165\" srcset=\"https:\/\/www.nevadaregistry.org\/wp-content\/uploads\/2026\/03\/EEOYQRCode.png 163w, https:\/\/www.nevadaregistry.org\/wp-content\/uploads\/2026\/03\/EEOYQRCode-75x75.png 75w, https:\/\/www.nevadaregistry.org\/wp-content\/uploads\/2026\/03\/EEOYQRCode-148x150.png 148w\" sizes=\"(max-width: 163px) 100vw, 163px\" \/><\/p>\n<p>*<strong><em>Novedad ESTE a\u00f1o:<\/em><\/strong><\/p>\n<p>Los nominados ser\u00e1n notificados de su nominaci\u00f3n e invitados a presentar su solicitud durante el periodo de nominaci\u00f3n: <strong>2 de marzo de 2026-27 de abril de 2026.<em> <\/em><\/strong> <\/p>\n<p><strong><em>Nomina ahora para dar tiempo a los maestros a completar su solicitud antes del final del a\u00f1o escolar.<\/em><\/strong><\/p>\n<p>Se aceptan y fomentan las autonominaciones. \u00a1Cel\u00e9brense a s\u00ed mismos o a un compa\u00f1ero hoy! <\/p>\n<p><strong><u>CRONOGRAMA:<\/u> <\/strong><\/p>\n<p>2 de marzo de 2026:<\/p>\n<ul>\n<li>Apertura de Nominaciones y Solicitudes: <strong><em>Los nominados ser\u00e1n notificados de su nominaci\u00f3n e invitados a presentar su solicitud tan pronto como se reciban las nominaciones. \u00a1As\u00ed que nomina pronto! <\/em><\/strong><\/li>\n<\/ul>\n<p>27 de abril de 2026:<\/p>\n<ul data-editing-info=\"{\"applyListStyleFromLevel\":true}\">\n<li>\u00daltimo d\u00eda para nominar para el a\u00f1o escolar 2025-26<\/li>\n<\/ul>\n<p>10 de mayo de 2026:<\/p>\n<ul>\n<li>\u00daltimo d\u00eda para enviar solicitudes (si a\u00fan no lo has hecho)<\/li>\n<\/ul>\n<p><strong><u>\u00bfQUI\u00c9N ES ELEGIBLE? <\/u><\/strong><\/p>\n<p>Maestros principales de beb\u00e9s, ni\u00f1os peque\u00f1os y estudiantes de preescolar tanto en programas de educaci\u00f3n general como de educaci\u00f3n especial. Estos programas de aprendizaje temprano incluyen (pero no se limitan a): guarder\u00edas, proveedores de cuidado infantil familiar con licencia, Head Start, Early Head Start, visitadores domiciliarios e intervenci\u00f3n temprana, escuelas privadas, escuelas charter, preescolar del distrito (es decir, Nevada Ready! State Pre K, ECSE, Title I, etc.) y modelo itinerante\/de inclusi\u00f3n. <\/p>\n<p><em>***Los maestros que fueron previamente nominados o presentaron solicitud, pero no fueron galardonados, son elegibles para participar nuevamente cada a\u00f1o. <\/em><\/p>\n<p><strong>Ponte en contacto con Anna Severens en <u><a href=\"mailto:aseverens@doe.nv.gov\" data-linkindex=\"1\">aseverens@doe.nv.gov<\/a><\/u> si tienes alguna pregunta.<\/strong><\/p>\n","protected":false},"excerpt":{"rendered":"<p>El Departamento de Educaci\u00f3n de Nevada (NDE), Oficina de Aprendizaje y Desarrollo Temprano (OELD), se complace en lanzar el sexto&#8230;<\/p>\n","protected":false},"author":2,"featured_media":18116,"comment_status":"closed","ping_status":"closed","sticky":false,"template":"","format":"standard","meta":{"_acf_changed":false,"footnotes":""},"categories":[55],"tags":[],"class_list":["post-18115","post","type-post","status-publish","format-standard","has-post-thumbnail","hentry","category-noticias-de-la-industria"],"acf":[],"yoast_head":"<!-- This site is optimized with the Yoast SEO plugin v27.4 - https:\/\/yoast.com\/product\/yoast-seo-wordpress\/ -->\n<title>Nominaciones y solicitudes ABIERTAS para el Educador de Primera Infancia del A\u00f1o 2026 - The Nevada Registry<\/title>\n<meta name=\"description\" content=\"El Departamento de Educaci\u00f3n de Nevada (NDE), Oficina de Aprendizaje y Desarrollo Temprano (OELD), se complace en lanzar el sexto a\u00f1o (a\u00f1o escolar\" \/>\n<meta name=\"robots\" content=\"index, follow, max-snippet:-1, max-image-preview:large, max-video-preview:-1\" \/>\n<link rel=\"canonical\" href=\"https:\/\/www.nevadaregistry.org\/es\/news-updates\/nominaciones-y-solicitudes-abiertas-para-el-educador-de-primera-infancia-del-ano-2026\/\" \/>\n<meta property=\"og:locale\" content=\"es_ES\" \/>\n<meta property=\"og:type\" content=\"article\" \/>\n<meta property=\"og:title\" content=\"Nominaciones y solicitudes ABIERTAS para el Educador de Primera Infancia del A\u00f1o 2026 - The Nevada Registry\" \/>\n<meta property=\"og:description\" content=\"El Departamento de Educaci\u00f3n de Nevada (NDE), Oficina de Aprendizaje y Desarrollo Temprano (OELD), se complace en lanzar el sexto a\u00f1o (a\u00f1o escolar\" \/>\n<meta property=\"og:url\" content=\"https:\/\/www.nevadaregistry.org\/es\/news-updates\/nominaciones-y-solicitudes-abiertas-para-el-educador-de-primera-infancia-del-ano-2026\/\" \/>\n<meta property=\"og:site_name\" content=\"The Nevada Registry\" \/>\n<meta property=\"article:publisher\" content=\"https:\/\/www.facebook.com\/nevadaregistry\" \/>\n<meta property=\"article:published_time\" content=\"2026-03-05T00:05:06+00:00\" \/>\n<meta property=\"article:modified_time\" content=\"2026-03-05T00:18:45+00:00\" \/>\n<meta property=\"og:image\" content=\"https:\/\/www.nevadaregistry.org\/wp-content\/uploads\/2026\/03\/iStock-485479204.jpg\" \/>\n\t<meta property=\"og:image:width\" content=\"1254\" \/>\n\t<meta property=\"og:image:height\" content=\"836\" \/>\n\t<meta property=\"og:image:type\" content=\"image\/jpeg\" \/>\n<meta name=\"author\" content=\"Shelly Nye\" \/>\n<meta name=\"twitter:card\" content=\"summary_large_image\" \/>\n<meta name=\"twitter:label1\" content=\"Escrito por\" \/>\n\t<meta name=\"twitter:data1\" content=\"Shelly Nye\" \/>\n\t<meta name=\"twitter:label2\" content=\"Tiempo de lectura\" \/>\n\t<meta name=\"twitter:data2\" content=\"2 minutos\" \/>\n<script type=\"application\/ld+json\" class=\"yoast-schema-graph\">{\"@context\":\"https:\\\/\\\/schema.org\",\"@graph\":[{\"@type\":\"Article\",\"@id\":\"https:\\\/\\\/www.nevadaregistry.org\\\/es\\\/news-updates\\\/nominaciones-y-solicitudes-abiertas-para-el-educador-de-primera-infancia-del-ano-2026\\\/#article\",\"isPartOf\":{\"@id\":\"https:\\\/\\\/www.nevadaregistry.org\\\/es\\\/news-updates\\\/nominaciones-y-solicitudes-abiertas-para-el-educador-de-primera-infancia-del-ano-2026\\\/\"},\"author\":{\"name\":\"Shelly Nye\",\"@id\":\"https:\\\/\\\/www.nevadaregistry.org\\\/es\\\/#\\\/schema\\\/person\\\/1bad6d3bd100b050a3a293469ef79985\"},\"headline\":\"Nominaciones y solicitudes ABIERTAS para el Educador de Primera Infancia del A\u00f1o 2026\",\"datePublished\":\"2026-03-05T00:05:06+00:00\",\"dateModified\":\"2026-03-05T00:18:45+00:00\",\"mainEntityOfPage\":{\"@id\":\"https:\\\/\\\/www.nevadaregistry.org\\\/es\\\/news-updates\\\/nominaciones-y-solicitudes-abiertas-para-el-educador-de-primera-infancia-del-ano-2026\\\/\"},\"wordCount\":378,\"publisher\":{\"@id\":\"https:\\\/\\\/www.nevadaregistry.org\\\/es\\\/#organization\"},\"image\":{\"@id\":\"https:\\\/\\\/www.nevadaregistry.org\\\/es\\\/news-updates\\\/nominaciones-y-solicitudes-abiertas-para-el-educador-de-primera-infancia-del-ano-2026\\\/#primaryimage\"},\"thumbnailUrl\":\"https:\\\/\\\/www.nevadaregistry.org\\\/wp-content\\\/uploads\\\/2026\\\/03\\\/iStock-485479204.jpg\",\"articleSection\":[\"Noticias de la Industria\"],\"inLanguage\":\"es\"},{\"@type\":\"WebPage\",\"@id\":\"https:\\\/\\\/www.nevadaregistry.org\\\/es\\\/news-updates\\\/nominaciones-y-solicitudes-abiertas-para-el-educador-de-primera-infancia-del-ano-2026\\\/\",\"url\":\"https:\\\/\\\/www.nevadaregistry.org\\\/es\\\/news-updates\\\/nominaciones-y-solicitudes-abiertas-para-el-educador-de-primera-infancia-del-ano-2026\\\/\",\"name\":\"Nominaciones y solicitudes ABIERTAS para el Educador de Primera Infancia del A\u00f1o 2026 - The Nevada Registry\",\"isPartOf\":{\"@id\":\"https:\\\/\\\/www.nevadaregistry.org\\\/es\\\/#website\"},\"primaryImageOfPage\":{\"@id\":\"https:\\\/\\\/www.nevadaregistry.org\\\/es\\\/news-updates\\\/nominaciones-y-solicitudes-abiertas-para-el-educador-de-primera-infancia-del-ano-2026\\\/#primaryimage\"},\"image\":{\"@id\":\"https:\\\/\\\/www.nevadaregistry.org\\\/es\\\/news-updates\\\/nominaciones-y-solicitudes-abiertas-para-el-educador-de-primera-infancia-del-ano-2026\\\/#primaryimage\"},\"thumbnailUrl\":\"https:\\\/\\\/www.nevadaregistry.org\\\/wp-content\\\/uploads\\\/2026\\\/03\\\/iStock-485479204.jpg\",\"datePublished\":\"2026-03-05T00:05:06+00:00\",\"dateModified\":\"2026-03-05T00:18:45+00:00\",\"description\":\"El Departamento de Educaci\u00f3n de Nevada (NDE), Oficina de Aprendizaje y Desarrollo Temprano (OELD), se complace en lanzar el sexto a\u00f1o (a\u00f1o escolar\",\"breadcrumb\":{\"@id\":\"https:\\\/\\\/www.nevadaregistry.org\\\/es\\\/news-updates\\\/nominaciones-y-solicitudes-abiertas-para-el-educador-de-primera-infancia-del-ano-2026\\\/#breadcrumb\"},\"inLanguage\":\"es\",\"potentialAction\":[{\"@type\":\"ReadAction\",\"target\":[\"https:\\\/\\\/www.nevadaregistry.org\\\/es\\\/news-updates\\\/nominaciones-y-solicitudes-abiertas-para-el-educador-de-primera-infancia-del-ano-2026\\\/\"]}]},{\"@type\":\"ImageObject\",\"inLanguage\":\"es\",\"@id\":\"https:\\\/\\\/www.nevadaregistry.org\\\/es\\\/news-updates\\\/nominaciones-y-solicitudes-abiertas-para-el-educador-de-primera-infancia-del-ano-2026\\\/#primaryimage\",\"url\":\"https:\\\/\\\/www.nevadaregistry.org\\\/wp-content\\\/uploads\\\/2026\\\/03\\\/iStock-485479204.jpg\",\"contentUrl\":\"https:\\\/\\\/www.nevadaregistry.org\\\/wp-content\\\/uploads\\\/2026\\\/03\\\/iStock-485479204.jpg\",\"width\":\"1254\",\"height\":\"836\",\"caption\":\"Un ni\u00f1o adorable y sonriente de 2-3 a\u00f1os est\u00e1 de pie detr\u00e1s de una mesa de madera y sostiene un trofeo dorado en su mano. El ni\u00f1o peque\u00f1o lleva una pajarita naranja, gafas rojas y pantalones azules con tirantes.\"},{\"@type\":\"BreadcrumbList\",\"@id\":\"https:\\\/\\\/www.nevadaregistry.org\\\/es\\\/news-updates\\\/nominaciones-y-solicitudes-abiertas-para-el-educador-de-primera-infancia-del-ano-2026\\\/#breadcrumb\",\"itemListElement\":[{\"@type\":\"ListItem\",\"position\":1,\"name\":\"Home\",\"item\":\"https:\\\/\\\/www.nevadaregistry.org\\\/es\\\/pagina-principal\\\/\"},{\"@type\":\"ListItem\",\"position\":2,\"name\":\"Nominaciones y solicitudes ABIERTAS para el Educador de Primera Infancia del A\u00f1o 2026\"}]},{\"@type\":\"WebSite\",\"@id\":\"https:\\\/\\\/www.nevadaregistry.org\\\/es\\\/#website\",\"url\":\"https:\\\/\\\/www.nevadaregistry.org\\\/es\\\/\",\"name\":\"The Nevada Registry\",\"description\":\"Workforce data system capturing information about the Early Childhood Education and Care (ECEC) workforce in Nevada.\",\"publisher\":{\"@id\":\"https:\\\/\\\/www.nevadaregistry.org\\\/es\\\/#organization\"},\"potentialAction\":[{\"@type\":\"SearchAction\",\"target\":{\"@type\":\"EntryPoint\",\"urlTemplate\":\"https:\\\/\\\/www.nevadaregistry.org\\\/es\\\/?s={search_term_string}\"},\"query-input\":{\"@type\":\"PropertyValueSpecification\",\"valueRequired\":true,\"valueName\":\"search_term_string\"}}],\"inLanguage\":\"es\"},{\"@type\":\"Organization\",\"@id\":\"https:\\\/\\\/www.nevadaregistry.org\\\/es\\\/#organization\",\"name\":\"El Nevada Registry\",\"url\":\"https:\\\/\\\/www.nevadaregistry.org\\\/es\\\/\",\"logo\":{\"@type\":\"ImageObject\",\"inLanguage\":\"es\",\"@id\":\"https:\\\/\\\/www.nevadaregistry.org\\\/es\\\/#\\\/schema\\\/logo\\\/image\\\/\",\"url\":\"https:\\\/\\\/www.nevadaregistry.org\\\/wp-content\\\/uploads\\\/2020\\\/10\\\/tnr-logo-purple-copy.jpg\",\"contentUrl\":\"https:\\\/\\\/www.nevadaregistry.org\\\/wp-content\\\/uploads\\\/2020\\\/10\\\/tnr-logo-purple-copy.jpg\",\"width\":\"900\",\"height\":\"562\",\"caption\":\"El Nevada Registry\"},\"image\":{\"@id\":\"https:\\\/\\\/www.nevadaregistry.org\\\/es\\\/#\\\/schema\\\/logo\\\/image\\\/\"},\"sameAs\":[\"https:\\\/\\\/www.facebook.com\\\/nevadaregistry\"]},{\"@type\":\"Person\",\"@id\":\"https:\\\/\\\/www.nevadaregistry.org\\\/es\\\/#\\\/schema\\\/person\\\/1bad6d3bd100b050a3a293469ef79985\",\"name\":\"Shelly Nye\",\"image\":{\"@type\":\"ImageObject\",\"inLanguage\":\"es\",\"@id\":\"https:\\\/\\\/secure.gravatar.com\\\/avatar\\\/837d4ba871ac094534f3f9258d55ce0296384282b42745091ee4e3cc5c854046?s=96&d=mm&r=g\",\"url\":\"https:\\\/\\\/secure.gravatar.com\\\/avatar\\\/837d4ba871ac094534f3f9258d55ce0296384282b42745091ee4e3cc5c854046?s=96&d=mm&r=g\",\"contentUrl\":\"https:\\\/\\\/secure.gravatar.com\\\/avatar\\\/837d4ba871ac094534f3f9258d55ce0296384282b42745091ee4e3cc5c854046?s=96&d=mm&r=g\",\"caption\":\"Shelly Nye\"}}]}<\/script>\n<!-- \/ Yoast SEO plugin. -->","yoast_head_json":{"title":"Nominaciones y solicitudes ABIERTAS para el Educador de Primera Infancia del A\u00f1o 2026 - The Nevada Registry","description":"El Departamento de Educaci\u00f3n de Nevada (NDE), Oficina de Aprendizaje y Desarrollo Temprano (OELD), se complace en lanzar el sexto a\u00f1o (a\u00f1o escolar","robots":{"index":"index","follow":"follow","max-snippet":"max-snippet:-1","max-image-preview":"max-image-preview:large","max-video-preview":"max-video-preview:-1"},"canonical":"https:\/\/www.nevadaregistry.org\/es\/news-updates\/nominaciones-y-solicitudes-abiertas-para-el-educador-de-primera-infancia-del-ano-2026\/","og_locale":"es_ES","og_type":"article","og_title":"Nominaciones y solicitudes ABIERTAS para el Educador de Primera Infancia del A\u00f1o 2026 - The Nevada Registry","og_description":"El Departamento de Educaci\u00f3n de Nevada (NDE), Oficina de Aprendizaje y Desarrollo Temprano (OELD), se complace en lanzar el sexto a\u00f1o (a\u00f1o escolar","og_url":"https:\/\/www.nevadaregistry.org\/es\/news-updates\/nominaciones-y-solicitudes-abiertas-para-el-educador-de-primera-infancia-del-ano-2026\/","og_site_name":"The Nevada Registry","article_publisher":"https:\/\/www.facebook.com\/nevadaregistry","article_published_time":"2026-03-05T00:05:06+00:00","article_modified_time":"2026-03-05T00:18:45+00:00","og_image":[{"width":1254,"height":836,"url":"https:\/\/www.nevadaregistry.org\/wp-content\/uploads\/2026\/03\/iStock-485479204.jpg","type":"image\/jpeg"}],"author":"Shelly Nye","twitter_card":"summary_large_image","twitter_misc":{"Escrito por":"Shelly Nye","Tiempo de lectura":"2 minutos"},"schema":{"@context":"https:\/\/schema.org","@graph":[{"@type":"Article","@id":"https:\/\/www.nevadaregistry.org\/es\/news-updates\/nominaciones-y-solicitudes-abiertas-para-el-educador-de-primera-infancia-del-ano-2026\/#article","isPartOf":{"@id":"https:\/\/www.nevadaregistry.org\/es\/news-updates\/nominaciones-y-solicitudes-abiertas-para-el-educador-de-primera-infancia-del-ano-2026\/"},"author":{"name":"Shelly Nye","@id":"https:\/\/www.nevadaregistry.org\/es\/#\/schema\/person\/1bad6d3bd100b050a3a293469ef79985"},"headline":"Nominaciones y solicitudes ABIERTAS para el Educador de Primera Infancia del A\u00f1o 2026","datePublished":"2026-03-05T00:05:06+00:00","dateModified":"2026-03-05T00:18:45+00:00","mainEntityOfPage":{"@id":"https:\/\/www.nevadaregistry.org\/es\/news-updates\/nominaciones-y-solicitudes-abiertas-para-el-educador-de-primera-infancia-del-ano-2026\/"},"wordCount":378,"publisher":{"@id":"https:\/\/www.nevadaregistry.org\/es\/#organization"},"image":{"@id":"https:\/\/www.nevadaregistry.org\/es\/news-updates\/nominaciones-y-solicitudes-abiertas-para-el-educador-de-primera-infancia-del-ano-2026\/#primaryimage"},"thumbnailUrl":"https:\/\/www.nevadaregistry.org\/wp-content\/uploads\/2026\/03\/iStock-485479204.jpg","articleSection":["Noticias de la Industria"],"inLanguage":"es"},{"@type":"WebPage","@id":"https:\/\/www.nevadaregistry.org\/es\/news-updates\/nominaciones-y-solicitudes-abiertas-para-el-educador-de-primera-infancia-del-ano-2026\/","url":"https:\/\/www.nevadaregistry.org\/es\/news-updates\/nominaciones-y-solicitudes-abiertas-para-el-educador-de-primera-infancia-del-ano-2026\/","name":"Nominaciones y solicitudes ABIERTAS para el Educador de Primera Infancia del A\u00f1o 2026 - The Nevada Registry","isPartOf":{"@id":"https:\/\/www.nevadaregistry.org\/es\/#website"},"primaryImageOfPage":{"@id":"https:\/\/www.nevadaregistry.org\/es\/news-updates\/nominaciones-y-solicitudes-abiertas-para-el-educador-de-primera-infancia-del-ano-2026\/#primaryimage"},"image":{"@id":"https:\/\/www.nevadaregistry.org\/es\/news-updates\/nominaciones-y-solicitudes-abiertas-para-el-educador-de-primera-infancia-del-ano-2026\/#primaryimage"},"thumbnailUrl":"https:\/\/www.nevadaregistry.org\/wp-content\/uploads\/2026\/03\/iStock-485479204.jpg","datePublished":"2026-03-05T00:05:06+00:00","dateModified":"2026-03-05T00:18:45+00:00","description":"El Departamento de Educaci\u00f3n de Nevada (NDE), Oficina de Aprendizaje y Desarrollo Temprano (OELD), se complace en lanzar el sexto a\u00f1o (a\u00f1o escolar","breadcrumb":{"@id":"https:\/\/www.nevadaregistry.org\/es\/news-updates\/nominaciones-y-solicitudes-abiertas-para-el-educador-de-primera-infancia-del-ano-2026\/#breadcrumb"},"inLanguage":"es","potentialAction":[{"@type":"ReadAction","target":["https:\/\/www.nevadaregistry.org\/es\/news-updates\/nominaciones-y-solicitudes-abiertas-para-el-educador-de-primera-infancia-del-ano-2026\/"]}]},{"@type":"ImageObject","inLanguage":"es","@id":"https:\/\/www.nevadaregistry.org\/es\/news-updates\/nominaciones-y-solicitudes-abiertas-para-el-educador-de-primera-infancia-del-ano-2026\/#primaryimage","url":"https:\/\/www.nevadaregistry.org\/wp-content\/uploads\/2026\/03\/iStock-485479204.jpg","contentUrl":"https:\/\/www.nevadaregistry.org\/wp-content\/uploads\/2026\/03\/iStock-485479204.jpg","width":"1254","height":"836","caption":"Un ni\u00f1o adorable y sonriente de 2-3 a\u00f1os est\u00e1 de pie detr\u00e1s de una mesa de madera y sostiene un trofeo dorado en su mano. El ni\u00f1o peque\u00f1o lleva una pajarita naranja, gafas rojas y pantalones azules con tirantes."},{"@type":"BreadcrumbList","@id":"https:\/\/www.nevadaregistry.org\/es\/news-updates\/nominaciones-y-solicitudes-abiertas-para-el-educador-de-primera-infancia-del-ano-2026\/#breadcrumb","itemListElement":[{"@type":"ListItem","position":1,"name":"Home","item":"https:\/\/www.nevadaregistry.org\/es\/pagina-principal\/"},{"@type":"ListItem","position":2,"name":"Nominaciones y solicitudes ABIERTAS para el Educador de Primera Infancia del A\u00f1o 2026"}]},{"@type":"WebSite","@id":"https:\/\/www.nevadaregistry.org\/es\/#website","url":"https:\/\/www.nevadaregistry.org\/es\/","name":"The Nevada Registry","description":"Workforce data system capturing information about the Early Childhood Education and Care (ECEC) workforce in Nevada.","publisher":{"@id":"https:\/\/www.nevadaregistry.org\/es\/#organization"},"potentialAction":[{"@type":"SearchAction","target":{"@type":"EntryPoint","urlTemplate":"https:\/\/www.nevadaregistry.org\/es\/?s={search_term_string}"},"query-input":{"@type":"PropertyValueSpecification","valueRequired":true,"valueName":"search_term_string"}}],"inLanguage":"es"},{"@type":"Organization","@id":"https:\/\/www.nevadaregistry.org\/es\/#organization","name":"El Nevada Registry","url":"https:\/\/www.nevadaregistry.org\/es\/","logo":{"@type":"ImageObject","inLanguage":"es","@id":"https:\/\/www.nevadaregistry.org\/es\/#\/schema\/logo\/image\/","url":"https:\/\/www.nevadaregistry.org\/wp-content\/uploads\/2020\/10\/tnr-logo-purple-copy.jpg","contentUrl":"https:\/\/www.nevadaregistry.org\/wp-content\/uploads\/2020\/10\/tnr-logo-purple-copy.jpg","width":"900","height":"562","caption":"El Nevada Registry"},"image":{"@id":"https:\/\/www.nevadaregistry.org\/es\/#\/schema\/logo\/image\/"},"sameAs":["https:\/\/www.facebook.com\/nevadaregistry"]},{"@type":"Person","@id":"https:\/\/www.nevadaregistry.org\/es\/#\/schema\/person\/1bad6d3bd100b050a3a293469ef79985","name":"Shelly Nye","image":{"@type":"ImageObject","inLanguage":"es","@id":"https:\/\/secure.gravatar.com\/avatar\/837d4ba871ac094534f3f9258d55ce0296384282b42745091ee4e3cc5c854046?s=96&d=mm&r=g","url":"https:\/\/secure.gravatar.com\/avatar\/837d4ba871ac094534f3f9258d55ce0296384282b42745091ee4e3cc5c854046?s=96&d=mm&r=g","contentUrl":"https:\/\/secure.gravatar.com\/avatar\/837d4ba871ac094534f3f9258d55ce0296384282b42745091ee4e3cc5c854046?s=96&d=mm&r=g","caption":"Shelly Nye"}}]}},"_links":{"self":[{"href":"https:\/\/www.nevadaregistry.org\/es\/wp-json\/wp\/v2\/posts\/18115","targetHints":{"allow":["GET"]}}],"collection":[{"href":"https:\/\/www.nevadaregistry.org\/es\/wp-json\/wp\/v2\/posts"}],"about":[{"href":"https:\/\/www.nevadaregistry.org\/es\/wp-json\/wp\/v2\/types\/post"}],"author":[{"embeddable":true,"href":"https:\/\/www.nevadaregistry.org\/es\/wp-json\/wp\/v2\/users\/2"}],"replies":[{"embeddable":true,"href":"https:\/\/www.nevadaregistry.org\/es\/wp-json\/wp\/v2\/comments?post=18115"}],"version-history":[{"count":1,"href":"https:\/\/www.nevadaregistry.org\/es\/wp-json\/wp\/v2\/posts\/18115\/revisions"}],"predecessor-version":[{"id":18117,"href":"https:\/\/www.nevadaregistry.org\/es\/wp-json\/wp\/v2\/posts\/18115\/revisions\/18117"}],"wp:featuredmedia":[{"embeddable":true,"href":"https:\/\/www.nevadaregistry.org\/es\/wp-json\/wp\/v2\/media\/18116"}],"wp:attachment":[{"href":"https:\/\/www.nevadaregistry.org\/es\/wp-json\/wp\/v2\/media?parent=18115"}],"wp:term":[{"taxonomy":"category","embeddable":true,"href":"https:\/\/www.nevadaregistry.org\/es\/wp-json\/wp\/v2\/categories?post=18115"},{"taxonomy":"post_tag","embeddable":true,"href":"https:\/\/www.nevadaregistry.org\/es\/wp-json\/wp\/v2\/tags?post=18115"}],"curies":[{"name":"wp","href":"https:\/\/api.w.org\/{rel}","templated":true}]}}