{"id":19425,"date":"2026-08-20T13:09:16","date_gmt":"2026-08-20T20:09:16","guid":{"rendered":"https:\/\/www.nevadaregistry.org\/news-updates\/nevada-amplia-el-plazo-para-que-los-beneficiarios-de-snap-soliciten-prestaciones-de-sustitucion-por-los-incendios-forestales\/"},"modified":"2026-08-20T13:33:25","modified_gmt":"2026-08-20T20:33:25","slug":"nevada-amplia-el-plazo-para-que-los-beneficiarios-de-snap-soliciten-prestaciones-de-sustitucion-por-los-incendios-forestales","status":"publish","type":"post","link":"https:\/\/www.nevadaregistry.org\/es\/news-updates\/nevada-amplia-el-plazo-para-que-los-beneficiarios-de-snap-soliciten-prestaciones-de-sustitucion-por-los-incendios-forestales\/","title":{"rendered":"Nevada ampl\u00eda el plazo para que los beneficiarios de SNAP soliciten prestaciones de sustituci\u00f3n por los incendios forestales"},"content":{"rendered":"<h5><em>Un mensaje del DSS \u2013 Programa de Desarrollo del Cuidado Infantil: <\/em><\/h5>\n<p><b>PARA PUBLICACI\u00d3N INMEDIATA<br \/>\nFecha: <\/b>20 de agosto de 2026<br \/>\n<strong>Contacto<\/strong>: Kristle Muessle, responsable de Informaci\u00f3n P\u00fablica<br \/>\n<a title=\"mailto:Kmuessle@dss.nv.gov\" href=\"mailto:Kmuessle@dss.nv.gov\">Kmuessle@dss.nv.gov<\/a><\/p>\n<p><b>CARSON CITY<\/b> \u2014 Se estima que 3.700 beneficiarios del Programa de Asistencia Nutricional Suplementaria (SNAP) en el condado de Washoe y en la Reno-Sparks Indian Colony podr\u00edan haber perdido alimentos comprados con prestaciones de SNAP debido a los incendios Bug y Stallion o a cortes de electricidad relacionados. Estas personas pueden solicitar prestaciones de sustituci\u00f3n de SNAP hasta el 28 de agosto de 2026. <\/p>\n<p>Las normas federales del programa permiten 10 d\u00edas para notificar la p\u00e9rdida de alimentos. No obstante, la Divisi\u00f3n de Servicios Sociales (DSS) solicit\u00f3 una pr\u00f3rroga a la Administraci\u00f3n de Alimentos y Nutrici\u00f3n (FNA) del Departamento de Agricultura de EE. UU., que fue aprobada. Esto permite a los beneficiarios de SNAP afectados disponer de m\u00e1s tiempo para notificar sus p\u00e9rdidas. Cada solicitud se revisar\u00e1 para determinar la elegibilidad y, en caso de ser elegible, el importe de las prestaciones de sustituci\u00f3n que puedan concederse.   <\/p>\n<p>Los beneficiarios de SNAP afectados por los incendios o por cortes de electricidad relacionados pueden notificar la p\u00e9rdida de alimentos visitando una <a title=\"https:\/\/www.dss.nv.gov\/contact\/\" href=\"https:\/\/www.dss.nv.gov\/contact\/\">oficina de la DSS<\/a> local o llamando al (775) 684-7200.<\/p>\n<p>La DSS expresa sus m\u00e1s sinceras condolencias a todos los habitantes de Nevada afectados por los incendios y reconoce las dificultades y la incertidumbre a las que se enfrentan estas comunidades. La DSS mantiene su compromiso de hacer todo lo posible para ayudar a las personas y familias afectadas a acceder a los recursos y la asistencia disponibles durante este dif\u00edcil momento. Se seguir\u00e1n revisando flexibilidades federales adicionales de SNAP, y la DSS estudiar\u00e1 todas las opciones aplicables para apoyar a los hogares afectados.  <\/p>\n<p>Las personas que deseen solicitar prestaciones de SNAP pueden hacerlo en l\u00ednea a trav\u00e9s de <a title=\"https:\/\/accessnevada.nv.gov\" href=\"https:\/\/accessnevada.nv.gov\">Access Nevada<\/a>.<\/p>\n<p>Este comunicado de prensa est\u00e1 disponible en l\u00ednea en el <a title=\"https:\/\/www.dhs.nv.gov\/reports\/press-releases\/press-releases\/nevada-snap-recipients-can-receive-replacement-benefits-for-food-destroyed-by-wildfires-and-power-outages\/\" href=\"https:\/\/www.dhs.nv.gov\/reports\/press-releases\/press-releases\/nevada-snap-recipients-can-receive-replacement-benefits-for-food-destroyed-by-wildfires-and-power-outages\/\">sitio web del Departamento de Servicios Humanos.<\/a><\/p>\n","protected":false},"excerpt":{"rendered":"<p>Un mensaje del DSS \u2013 Programa de Desarrollo del Cuidado Infantil: PARA PUBLICACI\u00d3N INMEDIATA Fecha: 20 de agosto de 2026&#8230;<\/p>\n","protected":false},"author":2,"featured_media":18516,"comment_status":"closed","ping_status":"closed","sticky":false,"template":"","format":"standard","meta":{"_acf_changed":false,"footnotes":""},"categories":[72],"tags":[],"class_list":["post-19425","post","type-post","status-publish","format-standard","has-post-thumbnail","hentry","category-dss-programa-de-cuidado-infantil-y-desarrollo"],"acf":[],"yoast_head":"<!-- This site is optimized with the Yoast SEO plugin v28.2 - https:\/\/yoast.com\/product\/yoast-seo-wordpress\/ -->\n<title>Nevada ampl\u00eda el plazo para que los beneficiarios de SNAP soliciten prestaciones de sustituci\u00f3n por los incendios forestales - The Nevada Registry<\/title>\n<meta name=\"description\" content=\"Un mensaje del DSS \u2013 Programa de Desarrollo del Cuidado Infantil: PARA PUBLICACI\u00d3N INMEDIATA Fecha: 20 de agosto de 2026 Contacto: Kristle Muessle,\" \/>\n<meta name=\"robots\" content=\"index, follow, max-snippet:-1, max-image-preview:large, max-video-preview:-1\" \/>\n<link rel=\"canonical\" href=\"https:\/\/www.nevadaregistry.org\/es\/news-updates\/nevada-amplia-el-plazo-para-que-los-beneficiarios-de-snap-soliciten-prestaciones-de-sustitucion-por-los-incendios-forestales\/\" \/>\n<meta property=\"og:locale\" content=\"es_ES\" \/>\n<meta property=\"og:type\" content=\"article\" \/>\n<meta property=\"og:title\" content=\"Nevada ampl\u00eda el plazo para que los beneficiarios de SNAP soliciten prestaciones de sustituci\u00f3n por los incendios forestales - The Nevada Registry\" \/>\n<meta property=\"og:description\" content=\"Un mensaje del DSS \u2013 Programa de Desarrollo del Cuidado Infantil: PARA PUBLICACI\u00d3N INMEDIATA Fecha: 20 de agosto de 2026 Contacto: Kristle Muessle,\" \/>\n<meta property=\"og:url\" content=\"https:\/\/www.nevadaregistry.org\/es\/news-updates\/nevada-amplia-el-plazo-para-que-los-beneficiarios-de-snap-soliciten-prestaciones-de-sustitucion-por-los-incendios-forestales\/\" \/>\n<meta property=\"og:site_name\" content=\"The Nevada Registry\" \/>\n<meta property=\"article:publisher\" content=\"https:\/\/www.facebook.com\/nevadaregistry\" \/>\n<meta property=\"article:published_time\" content=\"2026-08-20T20:09:16+00:00\" \/>\n<meta property=\"article:modified_time\" content=\"2026-08-20T20:33:25+00:00\" \/>\n<meta property=\"og:image\" content=\"https:\/\/www.nevadaregistry.org\/wp-content\/uploads\/2026\/04\/ccdp-logo-002.jpg\" \/>\n\t<meta property=\"og:image:width\" content=\"588\" \/>\n\t<meta property=\"og:image:height\" content=\"347\" \/>\n\t<meta property=\"og:image:type\" content=\"image\/jpeg\" \/>\n<meta name=\"author\" content=\"Shelly Nye\" \/>\n<meta name=\"twitter:card\" content=\"summary_large_image\" \/>\n<meta name=\"twitter:label1\" content=\"Escrito por\" \/>\n\t<meta name=\"twitter:data1\" content=\"Shelly Nye\" \/>\n\t<meta name=\"twitter:label2\" content=\"Tiempo de lectura\" \/>\n\t<meta name=\"twitter:data2\" content=\"2 minutos\" \/>\n<script type=\"application\/ld+json\" class=\"yoast-schema-graph\">{\"@context\":\"https:\\\/\\\/schema.org\",\"@graph\":[{\"@type\":\"Article\",\"@id\":\"https:\\\/\\\/www.nevadaregistry.org\\\/es\\\/news-updates\\\/nevada-amplia-el-plazo-para-que-los-beneficiarios-de-snap-soliciten-prestaciones-de-sustitucion-por-los-incendios-forestales\\\/#article\",\"isPartOf\":{\"@id\":\"https:\\\/\\\/www.nevadaregistry.org\\\/es\\\/news-updates\\\/nevada-amplia-el-plazo-para-que-los-beneficiarios-de-snap-soliciten-prestaciones-de-sustitucion-por-los-incendios-forestales\\\/\"},\"author\":{\"name\":\"Shelly Nye\",\"@id\":\"https:\\\/\\\/www.nevadaregistry.org\\\/es\\\/#\\\/schema\\\/person\\\/1bad6d3bd100b050a3a293469ef79985\"},\"headline\":\"Nevada ampl\u00eda el plazo para que los beneficiarios de SNAP soliciten prestaciones de sustituci\u00f3n por los incendios forestales\",\"datePublished\":\"2026-08-20T20:09:16+00:00\",\"dateModified\":\"2026-08-20T20:33:25+00:00\",\"mainEntityOfPage\":{\"@id\":\"https:\\\/\\\/www.nevadaregistry.org\\\/es\\\/news-updates\\\/nevada-amplia-el-plazo-para-que-los-beneficiarios-de-snap-soliciten-prestaciones-de-sustitucion-por-los-incendios-forestales\\\/\"},\"wordCount\":360,\"publisher\":{\"@id\":\"https:\\\/\\\/www.nevadaregistry.org\\\/es\\\/#organization\"},\"image\":{\"@id\":\"https:\\\/\\\/www.nevadaregistry.org\\\/es\\\/news-updates\\\/nevada-amplia-el-plazo-para-que-los-beneficiarios-de-snap-soliciten-prestaciones-de-sustitucion-por-los-incendios-forestales\\\/#primaryimage\"},\"thumbnailUrl\":\"https:\\\/\\\/www.nevadaregistry.org\\\/wp-content\\\/uploads\\\/2026\\\/04\\\/ccdp-logo-002.jpg\",\"articleSection\":[\"DSS - Programa de Cuidado Infantil y Desarrollo\"],\"inLanguage\":\"es\"},{\"@type\":\"WebPage\",\"@id\":\"https:\\\/\\\/www.nevadaregistry.org\\\/es\\\/news-updates\\\/nevada-amplia-el-plazo-para-que-los-beneficiarios-de-snap-soliciten-prestaciones-de-sustitucion-por-los-incendios-forestales\\\/\",\"url\":\"https:\\\/\\\/www.nevadaregistry.org\\\/es\\\/news-updates\\\/nevada-amplia-el-plazo-para-que-los-beneficiarios-de-snap-soliciten-prestaciones-de-sustitucion-por-los-incendios-forestales\\\/\",\"name\":\"Nevada ampl\u00eda el plazo para que los beneficiarios de SNAP soliciten prestaciones de sustituci\u00f3n por los incendios forestales - The Nevada Registry\",\"isPartOf\":{\"@id\":\"https:\\\/\\\/www.nevadaregistry.org\\\/es\\\/#website\"},\"primaryImageOfPage\":{\"@id\":\"https:\\\/\\\/www.nevadaregistry.org\\\/es\\\/news-updates\\\/nevada-amplia-el-plazo-para-que-los-beneficiarios-de-snap-soliciten-prestaciones-de-sustitucion-por-los-incendios-forestales\\\/#primaryimage\"},\"image\":{\"@id\":\"https:\\\/\\\/www.nevadaregistry.org\\\/es\\\/news-updates\\\/nevada-amplia-el-plazo-para-que-los-beneficiarios-de-snap-soliciten-prestaciones-de-sustitucion-por-los-incendios-forestales\\\/#primaryimage\"},\"thumbnailUrl\":\"https:\\\/\\\/www.nevadaregistry.org\\\/wp-content\\\/uploads\\\/2026\\\/04\\\/ccdp-logo-002.jpg\",\"datePublished\":\"2026-08-20T20:09:16+00:00\",\"dateModified\":\"2026-08-20T20:33:25+00:00\",\"description\":\"Un mensaje del DSS \u2013 Programa de Desarrollo del Cuidado Infantil: PARA PUBLICACI\u00d3N INMEDIATA Fecha: 20 de agosto de 2026 Contacto: Kristle Muessle,\",\"breadcrumb\":{\"@id\":\"https:\\\/\\\/www.nevadaregistry.org\\\/es\\\/news-updates\\\/nevada-amplia-el-plazo-para-que-los-beneficiarios-de-snap-soliciten-prestaciones-de-sustitucion-por-los-incendios-forestales\\\/#breadcrumb\"},\"inLanguage\":\"es\",\"potentialAction\":[{\"@type\":\"ReadAction\",\"target\":[\"https:\\\/\\\/www.nevadaregistry.org\\\/es\\\/news-updates\\\/nevada-amplia-el-plazo-para-que-los-beneficiarios-de-snap-soliciten-prestaciones-de-sustitucion-por-los-incendios-forestales\\\/\"]}]},{\"@type\":\"ImageObject\",\"inLanguage\":\"es\",\"@id\":\"https:\\\/\\\/www.nevadaregistry.org\\\/es\\\/news-updates\\\/nevada-amplia-el-plazo-para-que-los-beneficiarios-de-snap-soliciten-prestaciones-de-sustitucion-por-los-incendios-forestales\\\/#primaryimage\",\"url\":\"https:\\\/\\\/www.nevadaregistry.org\\\/wp-content\\\/uploads\\\/2026\\\/04\\\/ccdp-logo-002.jpg\",\"contentUrl\":\"https:\\\/\\\/www.nevadaregistry.org\\\/wp-content\\\/uploads\\\/2026\\\/04\\\/ccdp-logo-002.jpg\",\"width\":\"588\",\"height\":\"347\"},{\"@type\":\"BreadcrumbList\",\"@id\":\"https:\\\/\\\/www.nevadaregistry.org\\\/es\\\/news-updates\\\/nevada-amplia-el-plazo-para-que-los-beneficiarios-de-snap-soliciten-prestaciones-de-sustitucion-por-los-incendios-forestales\\\/#breadcrumb\",\"itemListElement\":[{\"@type\":\"ListItem\",\"position\":1,\"name\":\"Home\",\"item\":\"https:\\\/\\\/www.nevadaregistry.org\\\/es\\\/pagina-principal\\\/\"},{\"@type\":\"ListItem\",\"position\":2,\"name\":\"Nevada ampl\u00eda el plazo para que los beneficiarios de SNAP soliciten prestaciones de sustituci\u00f3n por los incendios forestales\"}]},{\"@type\":\"WebSite\",\"@id\":\"https:\\\/\\\/www.nevadaregistry.org\\\/es\\\/#website\",\"url\":\"https:\\\/\\\/www.nevadaregistry.org\\\/es\\\/\",\"name\":\"The Nevada Registry\",\"description\":\"Workforce data system capturing information about the Early Childhood Education and Care (ECEC) workforce in Nevada.\",\"publisher\":{\"@id\":\"https:\\\/\\\/www.nevadaregistry.org\\\/es\\\/#organization\"},\"potentialAction\":[{\"@type\":\"SearchAction\",\"target\":{\"@type\":\"EntryPoint\",\"urlTemplate\":\"https:\\\/\\\/www.nevadaregistry.org\\\/es\\\/?s={search_term_string}\"},\"query-input\":{\"@type\":\"PropertyValueSpecification\",\"valueRequired\":true,\"valueName\":\"search_term_string\"}}],\"inLanguage\":\"es\"},{\"@type\":\"Organization\",\"@id\":\"https:\\\/\\\/www.nevadaregistry.org\\\/es\\\/#organization\",\"name\":\"El Nevada Registry\",\"url\":\"https:\\\/\\\/www.nevadaregistry.org\\\/es\\\/\",\"logo\":{\"@type\":\"ImageObject\",\"inLanguage\":\"es\",\"@id\":\"https:\\\/\\\/www.nevadaregistry.org\\\/es\\\/#\\\/schema\\\/logo\\\/image\\\/\",\"url\":\"https:\\\/\\\/www.nevadaregistry.org\\\/wp-content\\\/uploads\\\/2020\\\/10\\\/tnr-logo-purple-copy.jpg\",\"contentUrl\":\"https:\\\/\\\/www.nevadaregistry.org\\\/wp-content\\\/uploads\\\/2020\\\/10\\\/tnr-logo-purple-copy.jpg\",\"width\":\"900\",\"height\":\"562\",\"caption\":\"El Nevada Registry\"},\"image\":{\"@id\":\"https:\\\/\\\/www.nevadaregistry.org\\\/es\\\/#\\\/schema\\\/logo\\\/image\\\/\"},\"sameAs\":[\"https:\\\/\\\/www.facebook.com\\\/nevadaregistry\"]},{\"@type\":\"Person\",\"@id\":\"https:\\\/\\\/www.nevadaregistry.org\\\/es\\\/#\\\/schema\\\/person\\\/1bad6d3bd100b050a3a293469ef79985\",\"name\":\"Shelly Nye\",\"image\":{\"@type\":\"ImageObject\",\"inLanguage\":\"es\",\"@id\":\"https:\\\/\\\/secure.gravatar.com\\\/avatar\\\/837d4ba871ac094534f3f9258d55ce0296384282b42745091ee4e3cc5c854046?s=96&d=mm&r=g\",\"url\":\"https:\\\/\\\/secure.gravatar.com\\\/avatar\\\/837d4ba871ac094534f3f9258d55ce0296384282b42745091ee4e3cc5c854046?s=96&d=mm&r=g\",\"contentUrl\":\"https:\\\/\\\/secure.gravatar.com\\\/avatar\\\/837d4ba871ac094534f3f9258d55ce0296384282b42745091ee4e3cc5c854046?s=96&d=mm&r=g\",\"caption\":\"Shelly Nye\"}}]}<\/script>\n<!-- \/ Yoast SEO plugin. -->","yoast_head_json":{"title":"Nevada ampl\u00eda el plazo para que los beneficiarios de SNAP soliciten prestaciones de sustituci\u00f3n por los incendios forestales - The Nevada Registry","description":"Un mensaje del DSS \u2013 Programa de Desarrollo del Cuidado Infantil: PARA PUBLICACI\u00d3N INMEDIATA Fecha: 20 de agosto de 2026 Contacto: Kristle Muessle,","robots":{"index":"index","follow":"follow","max-snippet":"max-snippet:-1","max-image-preview":"max-image-preview:large","max-video-preview":"max-video-preview:-1"},"canonical":"https:\/\/www.nevadaregistry.org\/es\/news-updates\/nevada-amplia-el-plazo-para-que-los-beneficiarios-de-snap-soliciten-prestaciones-de-sustitucion-por-los-incendios-forestales\/","og_locale":"es_ES","og_type":"article","og_title":"Nevada ampl\u00eda el plazo para que los beneficiarios de SNAP soliciten prestaciones de sustituci\u00f3n por los incendios forestales - The Nevada Registry","og_description":"Un mensaje del DSS \u2013 Programa de Desarrollo del Cuidado Infantil: PARA PUBLICACI\u00d3N INMEDIATA Fecha: 20 de agosto de 2026 Contacto: Kristle Muessle,","og_url":"https:\/\/www.nevadaregistry.org\/es\/news-updates\/nevada-amplia-el-plazo-para-que-los-beneficiarios-de-snap-soliciten-prestaciones-de-sustitucion-por-los-incendios-forestales\/","og_site_name":"The Nevada Registry","article_publisher":"https:\/\/www.facebook.com\/nevadaregistry","article_published_time":"2026-08-20T20:09:16+00:00","article_modified_time":"2026-08-20T20:33:25+00:00","og_image":[{"width":588,"height":347,"url":"https:\/\/www.nevadaregistry.org\/wp-content\/uploads\/2026\/04\/ccdp-logo-002.jpg","type":"image\/jpeg"}],"author":"Shelly Nye","twitter_card":"summary_large_image","twitter_misc":{"Escrito por":"Shelly Nye","Tiempo de lectura":"2 minutos"},"schema":{"@context":"https:\/\/schema.org","@graph":[{"@type":"Article","@id":"https:\/\/www.nevadaregistry.org\/es\/news-updates\/nevada-amplia-el-plazo-para-que-los-beneficiarios-de-snap-soliciten-prestaciones-de-sustitucion-por-los-incendios-forestales\/#article","isPartOf":{"@id":"https:\/\/www.nevadaregistry.org\/es\/news-updates\/nevada-amplia-el-plazo-para-que-los-beneficiarios-de-snap-soliciten-prestaciones-de-sustitucion-por-los-incendios-forestales\/"},"author":{"name":"Shelly Nye","@id":"https:\/\/www.nevadaregistry.org\/es\/#\/schema\/person\/1bad6d3bd100b050a3a293469ef79985"},"headline":"Nevada ampl\u00eda el plazo para que los beneficiarios de SNAP soliciten prestaciones de sustituci\u00f3n por los incendios forestales","datePublished":"2026-08-20T20:09:16+00:00","dateModified":"2026-08-20T20:33:25+00:00","mainEntityOfPage":{"@id":"https:\/\/www.nevadaregistry.org\/es\/news-updates\/nevada-amplia-el-plazo-para-que-los-beneficiarios-de-snap-soliciten-prestaciones-de-sustitucion-por-los-incendios-forestales\/"},"wordCount":360,"publisher":{"@id":"https:\/\/www.nevadaregistry.org\/es\/#organization"},"image":{"@id":"https:\/\/www.nevadaregistry.org\/es\/news-updates\/nevada-amplia-el-plazo-para-que-los-beneficiarios-de-snap-soliciten-prestaciones-de-sustitucion-por-los-incendios-forestales\/#primaryimage"},"thumbnailUrl":"https:\/\/www.nevadaregistry.org\/wp-content\/uploads\/2026\/04\/ccdp-logo-002.jpg","articleSection":["DSS - Programa de Cuidado Infantil y Desarrollo"],"inLanguage":"es"},{"@type":"WebPage","@id":"https:\/\/www.nevadaregistry.org\/es\/news-updates\/nevada-amplia-el-plazo-para-que-los-beneficiarios-de-snap-soliciten-prestaciones-de-sustitucion-por-los-incendios-forestales\/","url":"https:\/\/www.nevadaregistry.org\/es\/news-updates\/nevada-amplia-el-plazo-para-que-los-beneficiarios-de-snap-soliciten-prestaciones-de-sustitucion-por-los-incendios-forestales\/","name":"Nevada ampl\u00eda el plazo para que los beneficiarios de SNAP soliciten prestaciones de sustituci\u00f3n por los incendios forestales - The Nevada Registry","isPartOf":{"@id":"https:\/\/www.nevadaregistry.org\/es\/#website"},"primaryImageOfPage":{"@id":"https:\/\/www.nevadaregistry.org\/es\/news-updates\/nevada-amplia-el-plazo-para-que-los-beneficiarios-de-snap-soliciten-prestaciones-de-sustitucion-por-los-incendios-forestales\/#primaryimage"},"image":{"@id":"https:\/\/www.nevadaregistry.org\/es\/news-updates\/nevada-amplia-el-plazo-para-que-los-beneficiarios-de-snap-soliciten-prestaciones-de-sustitucion-por-los-incendios-forestales\/#primaryimage"},"thumbnailUrl":"https:\/\/www.nevadaregistry.org\/wp-content\/uploads\/2026\/04\/ccdp-logo-002.jpg","datePublished":"2026-08-20T20:09:16+00:00","dateModified":"2026-08-20T20:33:25+00:00","description":"Un mensaje del DSS \u2013 Programa de Desarrollo del Cuidado Infantil: PARA PUBLICACI\u00d3N INMEDIATA Fecha: 20 de agosto de 2026 Contacto: Kristle Muessle,","breadcrumb":{"@id":"https:\/\/www.nevadaregistry.org\/es\/news-updates\/nevada-amplia-el-plazo-para-que-los-beneficiarios-de-snap-soliciten-prestaciones-de-sustitucion-por-los-incendios-forestales\/#breadcrumb"},"inLanguage":"es","potentialAction":[{"@type":"ReadAction","target":["https:\/\/www.nevadaregistry.org\/es\/news-updates\/nevada-amplia-el-plazo-para-que-los-beneficiarios-de-snap-soliciten-prestaciones-de-sustitucion-por-los-incendios-forestales\/"]}]},{"@type":"ImageObject","inLanguage":"es","@id":"https:\/\/www.nevadaregistry.org\/es\/news-updates\/nevada-amplia-el-plazo-para-que-los-beneficiarios-de-snap-soliciten-prestaciones-de-sustitucion-por-los-incendios-forestales\/#primaryimage","url":"https:\/\/www.nevadaregistry.org\/wp-content\/uploads\/2026\/04\/ccdp-logo-002.jpg","contentUrl":"https:\/\/www.nevadaregistry.org\/wp-content\/uploads\/2026\/04\/ccdp-logo-002.jpg","width":"588","height":"347"},{"@type":"BreadcrumbList","@id":"https:\/\/www.nevadaregistry.org\/es\/news-updates\/nevada-amplia-el-plazo-para-que-los-beneficiarios-de-snap-soliciten-prestaciones-de-sustitucion-por-los-incendios-forestales\/#breadcrumb","itemListElement":[{"@type":"ListItem","position":1,"name":"Home","item":"https:\/\/www.nevadaregistry.org\/es\/pagina-principal\/"},{"@type":"ListItem","position":2,"name":"Nevada ampl\u00eda el plazo para que los beneficiarios de SNAP soliciten prestaciones de sustituci\u00f3n por los incendios forestales"}]},{"@type":"WebSite","@id":"https:\/\/www.nevadaregistry.org\/es\/#website","url":"https:\/\/www.nevadaregistry.org\/es\/","name":"The Nevada Registry","description":"Workforce data system capturing information about the Early Childhood Education and Care (ECEC) workforce in Nevada.","publisher":{"@id":"https:\/\/www.nevadaregistry.org\/es\/#organization"},"potentialAction":[{"@type":"SearchAction","target":{"@type":"EntryPoint","urlTemplate":"https:\/\/www.nevadaregistry.org\/es\/?s={search_term_string}"},"query-input":{"@type":"PropertyValueSpecification","valueRequired":true,"valueName":"search_term_string"}}],"inLanguage":"es"},{"@type":"Organization","@id":"https:\/\/www.nevadaregistry.org\/es\/#organization","name":"El Nevada Registry","url":"https:\/\/www.nevadaregistry.org\/es\/","logo":{"@type":"ImageObject","inLanguage":"es","@id":"https:\/\/www.nevadaregistry.org\/es\/#\/schema\/logo\/image\/","url":"https:\/\/www.nevadaregistry.org\/wp-content\/uploads\/2020\/10\/tnr-logo-purple-copy.jpg","contentUrl":"https:\/\/www.nevadaregistry.org\/wp-content\/uploads\/2020\/10\/tnr-logo-purple-copy.jpg","width":"900","height":"562","caption":"El Nevada Registry"},"image":{"@id":"https:\/\/www.nevadaregistry.org\/es\/#\/schema\/logo\/image\/"},"sameAs":["https:\/\/www.facebook.com\/nevadaregistry"]},{"@type":"Person","@id":"https:\/\/www.nevadaregistry.org\/es\/#\/schema\/person\/1bad6d3bd100b050a3a293469ef79985","name":"Shelly Nye","image":{"@type":"ImageObject","inLanguage":"es","@id":"https:\/\/secure.gravatar.com\/avatar\/837d4ba871ac094534f3f9258d55ce0296384282b42745091ee4e3cc5c854046?s=96&d=mm&r=g","url":"https:\/\/secure.gravatar.com\/avatar\/837d4ba871ac094534f3f9258d55ce0296384282b42745091ee4e3cc5c854046?s=96&d=mm&r=g","contentUrl":"https:\/\/secure.gravatar.com\/avatar\/837d4ba871ac094534f3f9258d55ce0296384282b42745091ee4e3cc5c854046?s=96&d=mm&r=g","caption":"Shelly Nye"}}]}},"_links":{"self":[{"href":"https:\/\/www.nevadaregistry.org\/es\/wp-json\/wp\/v2\/posts\/19425","targetHints":{"allow":["GET"]}}],"collection":[{"href":"https:\/\/www.nevadaregistry.org\/es\/wp-json\/wp\/v2\/posts"}],"about":[{"href":"https:\/\/www.nevadaregistry.org\/es\/wp-json\/wp\/v2\/types\/post"}],"author":[{"embeddable":true,"href":"https:\/\/www.nevadaregistry.org\/es\/wp-json\/wp\/v2\/users\/2"}],"replies":[{"embeddable":true,"href":"https:\/\/www.nevadaregistry.org\/es\/wp-json\/wp\/v2\/comments?post=19425"}],"version-history":[{"count":8,"href":"https:\/\/www.nevadaregistry.org\/es\/wp-json\/wp\/v2\/posts\/19425\/revisions"}],"predecessor-version":[{"id":19442,"href":"https:\/\/www.nevadaregistry.org\/es\/wp-json\/wp\/v2\/posts\/19425\/revisions\/19442"}],"wp:featuredmedia":[{"embeddable":true,"href":"https:\/\/www.nevadaregistry.org\/es\/wp-json\/wp\/v2\/media\/18516"}],"wp:attachment":[{"href":"https:\/\/www.nevadaregistry.org\/es\/wp-json\/wp\/v2\/media?parent=19425"}],"wp:term":[{"taxonomy":"category","embeddable":true,"href":"https:\/\/www.nevadaregistry.org\/es\/wp-json\/wp\/v2\/categories?post=19425"},{"taxonomy":"post_tag","embeddable":true,"href":"https:\/\/www.nevadaregistry.org\/es\/wp-json\/wp\/v2\/tags?post=19425"}],"curies":[{"name":"wp","href":"https:\/\/api.w.org\/{rel}","templated":true}]}}